{"id":30686,"date":"2026-01-04T11:47:32","date_gmt":"2026-01-04T11:47:32","guid":{"rendered":"https:\/\/comitati.fisi.org\/veneto\/?p=30686"},"modified":"2026-01-04T16:45:06","modified_gmt":"2026-01-04T16:45:06","slug":"fondo-elia-barp-11-sul-cermis-e-9-finale-al-tour-de-ski","status":"publish","type":"post","link":"https:\/\/comitati.fisi.org\/veneto\/blog\/2026\/01\/04\/fondo-elia-barp-11-sul-cermis-e-9-finale-al-tour-de-ski\/","title":{"rendered":"Fondo, Elia Barp 11. sul Cermis e 9. finale al Tour de Ski"},"content":{"rendered":"\n<p>Conclusione in bellezza per Elia Barp al Tour de Ski. La gara a tappe dello sci di fondo si \u00e8 conclusa oggi con la tradizionale scalata al Cermis, in Val di Fiemme, e il finanziere bellunese ha colto l&#8217;11 piazza di giornata (secondo azzurro alle spalle di Federico Pellegrino, settimo) nella gara vinta dal norvegese Mattis Stenshagen. Nella classifica finale del Tour, vinta dal norvegese Johannes Klaebo, Barp si \u00e8 piazzato nono, anche in questo caso secondo italiano (alle spalle di Pellegrino, quarto).<\/p>\n\n\n\n<p>\u00ab\u00c8 andata sicuramente molto bene questa ultima tappa, per la quale ero partito senza grandi aspettative: invece \u00e8 arrivato un undicesimo posto che mi soddisfa pienamente\u00bb commenta Barp. \u00abSono nono nella classifica finale e super contento. Il mio Tour \u00e8 stato bellissimo. Peccato per la prima sprint dove probabilmente c&#8217;\u00e8 stato qualche errore qua e l\u00e0, magari potevo essere qualche secondo davanti, ma alla fine va bene cos\u00ec\u00bb.<\/p>\n\n\n\n<p>La gara femminile ha visto il successo della norvegese Karoline Simpson-Larsen mentre la classifica finale \u00e8 stata appannaggio della statunitense Jessie Diggins. Non \u00e8 partita per la tappa finale la comeliana Iris De Martin Pinter, che al termine della sprint di ieri aveva lamentato del dolore alla schiena. Si era fermata per qualche problema di salute dopo le tappe di Dobbiaco la cortinese Anna Comarella.<\/p>\n\n\n\n<p><a href=\"https:\/\/www.fis-ski.com\/DB\/general\/event-details.html?sectorcode=CC&amp;eventid=58074&amp;seasoncode=2026\">CLASSIFICHE CERMIS<\/a><\/p>\n\n\n\n<p><a href=\"https:\/\/www.fis-ski.com\/DB\/general\/event-details.html?sectorcode=CC&amp;eventid=58075&amp;seasoncode=2026\">CLASSIFICHE FINALI TOUR DE SKI<\/a><\/p>\n\n\n\n<p><em>credito fotografico Newspower<\/em><\/p>\n","protected":false},"excerpt":{"rendered":"<p>Vittoria finale del norvegese Johannes Klaebo<\/p>\n","protected":false},"author":33,"featured_media":30693,"comment_status":"open","ping_status":"open","sticky":false,"template":"","format":"standard","meta":{"_acf_changed":false,"footnotes":""},"categories":[9,10,14,15,16,3,6],"tags":[12,30],"acf":[],"_links":{"self":[{"href":"https:\/\/comitati.fisi.org\/veneto\/wp-json\/wp\/v2\/posts\/30686"}],"collection":[{"href":"https:\/\/comitati.fisi.org\/veneto\/wp-json\/wp\/v2\/posts"}],"about":[{"href":"https:\/\/comitati.fisi.org\/veneto\/wp-json\/wp\/v2\/types\/post"}],"author":[{"embeddable":true,"href":"https:\/\/comitati.fisi.org\/veneto\/wp-json\/wp\/v2\/users\/33"}],"replies":[{"embeddable":true,"href":"https:\/\/comitati.fisi.org\/veneto\/wp-json\/wp\/v2\/comments?post=30686"}],"version-history":[{"count":4,"href":"https:\/\/comitati.fisi.org\/veneto\/wp-json\/wp\/v2\/posts\/30686\/revisions"}],"predecessor-version":[{"id":30696,"href":"https:\/\/comitati.fisi.org\/veneto\/wp-json\/wp\/v2\/posts\/30686\/revisions\/30696"}],"wp:featuredmedia":[{"embeddable":true,"href":"https:\/\/comitati.fisi.org\/veneto\/wp-json\/wp\/v2\/media\/30693"}],"wp:attachment":[{"href":"https:\/\/comitati.fisi.org\/veneto\/wp-json\/wp\/v2\/media?parent=30686"}],"wp:term":[{"taxonomy":"category","embeddable":true,"href":"https:\/\/comitati.fisi.org\/veneto\/wp-json\/wp\/v2\/categories?post=30686"},{"taxonomy":"post_tag","embeddable":true,"href":"https:\/\/comitati.fisi.org\/veneto\/wp-json\/wp\/v2\/tags?post=30686"}],"curies":[{"name":"wp","href":"https:\/\/api.w.org\/{rel}","templated":true}]}}