{"id":3067,"date":"2019-01-19T15:10:49","date_gmt":"2019-01-19T15:10:49","guid":{"rendered":"http:\/\/www.fisiveneto.com\/?p=3067"},"modified":"2019-01-19T15:10:49","modified_gmt":"2019-01-19T15:10:49","slug":"a-cortina-e-ancora-ramona-siebenhofer-davanti-a-tutte","status":"publish","type":"post","link":"https:\/\/comitati.fisi.org\/veneto\/blog\/2019\/01\/19\/a-cortina-e-ancora-ramona-siebenhofer-davanti-a-tutte\/","title":{"rendered":"A Cortina \u00e8 ancora Ramona Siebenhofer davanti a tutte"},"content":{"rendered":"\n<p>L&#8217;Olympia ha scelto la sua regina: Ramona Siebenhofer concede il bis a Cortina e dopo aver conquistato il primo trionfo in carriera nella gara di venerd\u00ec, si ripete ventiquattro ore dopo con un&#8217;altra prestazione esemplare. Ed \u00e8 la prima volta nella storia che un\u2019atleta riesce nel back-to-back in discesa, sulla pista ampezzana. Un record che catapulta l\u2019austriaca nell\u2019Olimpo cortinese. Lo sguardo di Lindsey Vonn, inquadrata al cancelletto subito dopo l&#8217;arrivo dell&#8217;austriaca, \u00e8 stato eloquente: stupore misto ad ammirazione. Solo la sua compagna di squadra Nicole Schmidhofer, partita due pettorali pi\u00f9 tardi, ha rischiato di batterla, restandole davanti fino al penultimo intermedio. Ma \u00e8 proprio nella parte finale adatta alle scivolatrici che Siebenhofer ha fatto la differenza regalandosi il secondo successo consecutivo.<\/p>\n\n\n\n<p>Dietro le due austriache, si conferma ad altissimi livelli la slovena Ilka Stuhec, che si \u00e8 messa definitivamente alle spalle il lungo stop per infortunio, chiudendo a 51 centesimi da Siebenhofer. Poco fuori dal podio la rivelazione tedesca Kira Weidle, che nelle prime due gare \u00e8 andata davvero forte, mentre Lindsey Vonn ha mostrato qualche progresso centrando il nono posto a 1&#8243;36.<\/p>\n\n\n\n<p>La migliore delle azzurre \u00e8 stata Nicol Delago, che all&#8217;arrivo al traguardo aveva esultato vedendo la luce verde, ma era partita per seconda ed era finita di poco davanti a Stephanie Venier, che aveva aperto la gara. La gardenese, tuttavia, si \u00e8 dovuta accontentare dell&#8217;undicesima piazza e ha ammesso lei stessa di non aver sciato ai suoi livelli: lo ha fatto per la prima parte di gara, pi\u00f9 adatta alle sue caratteristiche, dai curvoni in poi e sul punto in cui era uscita venerd\u00ec, ha rallentato finendo a 1&#8243;40 da Siebenhofer.&nbsp;<\/p>\n\n\n\n<p>Pi\u00f9 soddisfatta di sicuro Federica Brignone, appena 5 centesimi pi\u00f9 lenta della Delago pur non essendo discesista pura: la valdostana si \u00e8 difesa nei tratti veloci e nella parte tecnica \u00e8 rimasta sui tempi delle migliori ottenendo il miglior risultato stagionale in discesa con il dodicesimo posto conclusivo. Tredicesima come il giorno prima Nadia Fanchini, che era partita male e ha guadagnato anche lei terreno nella parte tecnica.&nbsp;<\/p>\n\n\n\n<p>Peccato, invece, per Francesca Marsaglia, che proprio nelle prime porte meno adatte a lei si era difesa alla grande e poi ha commesso un errore che l&#8217;ha condizionata, andando a sbattere con il braccio sinistro su un palo, toccandosi anche per il dolore al traguardo. Alla fine, cos\u00ec, ha chiuso in 29esima posizione. Fuori dalla zona punti Elena Curtoni (35esima), buona la prova di Marta Bassino, 21esima e anche lei al miglior risultato stagionale in discesa.<\/p>\n\n\n\n<p>Domenica ultima gara in programma a Cortina con il superG delle 11.15. Una gara che \u00e8 gi\u00e0 nella storia: sar\u00e0 infatti la gara numero 100 della storia agonistica ampezzana, che cominci\u00f2 nel lontano 1969 con la prima discesa maschile, vinta dall\u2019elvetico Josef Minsch. Esattamente 50 anni fa. Intanto in Coppa del mondo, con Shiffrin saldamente in testa davanti a Vlhova e Holdener, Viktoria Rebensburg si conferma al quarto posto della generale grazie alla quinta posizione nella discesa di oggi, mentre Federica Brignone (424 punti) perde una posizione scavalcando Frida Hansdotter ma subendo il sorpasso di Stuhec e Schmidhofer, con l&#8217;austriaca che per otto punti comanda la classifica di disciplina davanti alla dominatrice di Cortina, Ramona Siebenhofer.<\/p>\n\n\n\n<p><strong>Quotes:<\/strong><\/p>\n\n\n\n<p>Ramona Siebenhofer: \u201cL\u2019Olympia delle Tofane \u00e8 una pista che mi si addice e che si adatta alle mie caratteristiche. Amo i dossi di questa pista e il fatto che si va sempre pi\u00f9 veloci. La vittoria di oggi mi emoziona di pi\u00f9. Ieri \u00e8 arrivata quasi a sorpresa, oggi \u00e8 stato tutto molto pi\u00f9 difficile. Sentivo maggiormente l\u2019emozione. Sar\u00e0 una grande chance per me arrivare ai prossimi Mondiali su questa pista. Questo week-end cambia la mia vita perch\u00e9 era da tanto tempo che inseguivo una vittoria e qui ne sono arrivate addirittura due\u201d.<\/p>\n\n\n\n<p>Nicol Delago: &#8220;Non sono contenta della mia prestazione e di certe linee, non sono riuscita a sfruttare le rampe che volevo e personalmente di quello che ho fatto non sono soddisfatta, ma il risultato non \u00e8 neanche male, cercher\u00f2 di far meglio nel superG. \u00c8 bellissimo qui a Cortina, con quella tribuna: c&#8217;\u00e8 tanta gente, ho visto il tifo quando sono arrivata gi\u00f9 ed \u00e8 sempre spettacolare. Speriamo continui cos\u00ec fino al 2021 e forse 2026&#8221;.<\/p>\n\n\n\n<p>Federica Brignone: &#8220;Sono soddisfatta di quella che ho fatto, nella parte tecnica finalmente sono riuscita a fare quello che dovevo fare da gigantista, il mio obiettivo era riuscire a tirare le curve come so e avere la concentrazione giusta in gara, perch\u00e9 \u00e8 un po&#8217; che in gara non riesco a mettere quel qualcosa in pi\u00f9. Sono contenta di averlo fatto oggi, in Italia e in discesa. \u00c8 il mio secondo miglior risultato di sempre in discesa, non posso che essere soddisfatta. Le due austriache hanno preso una consapevolezza diversa, loro fanno tanta velocit\u00e0, sono scorrevoli e sono brave. Lindsey Vonn \u00e8 stata la discesista pi\u00f9 forte di tutti i tempi ed \u00e8 tuttora la pi\u00f9 forte del mondo, ora si vede che ha difficolt\u00e0, non l&#8217;ho vista benissimo neppure a Copper prima che si facesse male. Ma \u00e8 una signora: ha fatto una settimana di allenamento ed \u00e8 nella top ten&#8221;.<\/p>\n","protected":false},"excerpt":{"rendered":"<p>L&#8217;Olympia ha scelto la sua regina: Ramona Siebenhofer concede il bis a Cortina e dopo aver conquistato il primo trionfo in carriera nella gara di venerd\u00ec, si ripete ventiquattro ore dopo con un&#8217;altra prestazione esemplare. Ed \u00e8 la prima volta nella storia che un\u2019atleta riesce nel back-to-back in discesa, sulla pista ampezzana. Un record che catapulta l\u2019austriaca nell\u2019Olimpo cortinese. Lo&hellip;<\/p>\n","protected":false},"author":4,"featured_media":3068,"comment_status":"closed","ping_status":"open","sticky":false,"template":"","format":"standard","meta":{"_acf_changed":false,"footnotes":""},"categories":[10,62,360,269,13,14,15,19],"tags":[],"acf":[],"_links":{"self":[{"href":"https:\/\/comitati.fisi.org\/veneto\/wp-json\/wp\/v2\/posts\/3067"}],"collection":[{"href":"https:\/\/comitati.fisi.org\/veneto\/wp-json\/wp\/v2\/posts"}],"about":[{"href":"https:\/\/comitati.fisi.org\/veneto\/wp-json\/wp\/v2\/types\/post"}],"author":[{"embeddable":true,"href":"https:\/\/comitati.fisi.org\/veneto\/wp-json\/wp\/v2\/users\/4"}],"replies":[{"embeddable":true,"href":"https:\/\/comitati.fisi.org\/veneto\/wp-json\/wp\/v2\/comments?post=3067"}],"version-history":[{"count":0,"href":"https:\/\/comitati.fisi.org\/veneto\/wp-json\/wp\/v2\/posts\/3067\/revisions"}],"wp:featuredmedia":[{"embeddable":true,"href":"https:\/\/comitati.fisi.org\/veneto\/wp-json\/wp\/v2\/media\/3068"}],"wp:attachment":[{"href":"https:\/\/comitati.fisi.org\/veneto\/wp-json\/wp\/v2\/media?parent=3067"}],"wp:term":[{"taxonomy":"category","embeddable":true,"href":"https:\/\/comitati.fisi.org\/veneto\/wp-json\/wp\/v2\/categories?post=3067"},{"taxonomy":"post_tag","embeddable":true,"href":"https:\/\/comitati.fisi.org\/veneto\/wp-json\/wp\/v2\/tags?post=3067"}],"curies":[{"name":"wp","href":"https:\/\/api.w.org\/{rel}","templated":true}]}}