{"id":3064,"date":"2019-01-19T10:24:11","date_gmt":"2019-01-19T10:24:11","guid":{"rendered":"http:\/\/www.fisiveneto.com\/?p=3064"},"modified":"2019-01-19T10:24:11","modified_gmt":"2019-01-19T10:24:11","slug":"campionato-regionale-il-prossimo-fine-settimana-si-gareggera-a-falcade","status":"publish","type":"post","link":"https:\/\/comitati.fisi.org\/veneto\/blog\/2019\/01\/19\/campionato-regionale-il-prossimo-fine-settimana-si-gareggera-a-falcade\/","title":{"rendered":"Campionato regionale, il prossimo fine settimana si garegger\u00e0 a Falcade"},"content":{"rendered":"\n<p>Cambio di localit\u00e0 per il Campionato regionale Giovani \/ Seniores e per il Grand Prix Ragazzi Allievi del prossimo fine settimana. A causa della mancanza di neve, non si garegger\u00e0 ad Asiago bens\u00ec a Falcade, a cura dello Sci club Val Biois. Ci sar\u00e0 anche un cambiamento di data: la prima gara (sprint) si svolger\u00e0 venerd\u00ec 25 (alle 11 le qualifiche, alle 14 la fase finale), le prove distance in tecnica classica sabato 26. Le gare del Grand Prix Lattebusche, previste per il 27, sono rinviate a data da destinarsi.<\/p>\n","protected":false},"excerpt":{"rendered":"<p>Cambio di localit\u00e0 per il Campionato regionale Giovani \/ Seniores e per il Grand Prix Ragazzi Allievi del prossimo fine settimana. A causa della mancanza di neve, non si garegger\u00e0 ad Asiago bens\u00ec a Falcade, a cura dello Sci club Val Biois. Ci sar\u00e0 anche un cambiamento di data: la prima gara (sprint) si svolger\u00e0 venerd\u00ec 25 (alle 11 le&hellip;<\/p>\n","protected":false},"author":4,"featured_media":3065,"comment_status":"closed","ping_status":"open","sticky":false,"template":"","format":"standard","meta":{"_acf_changed":false,"footnotes":""},"categories":[122,41,15,16,153,123],"tags":[],"acf":[],"_links":{"self":[{"href":"https:\/\/comitati.fisi.org\/veneto\/wp-json\/wp\/v2\/posts\/3064"}],"collection":[{"href":"https:\/\/comitati.fisi.org\/veneto\/wp-json\/wp\/v2\/posts"}],"about":[{"href":"https:\/\/comitati.fisi.org\/veneto\/wp-json\/wp\/v2\/types\/post"}],"author":[{"embeddable":true,"href":"https:\/\/comitati.fisi.org\/veneto\/wp-json\/wp\/v2\/users\/4"}],"replies":[{"embeddable":true,"href":"https:\/\/comitati.fisi.org\/veneto\/wp-json\/wp\/v2\/comments?post=3064"}],"version-history":[{"count":0,"href":"https:\/\/comitati.fisi.org\/veneto\/wp-json\/wp\/v2\/posts\/3064\/revisions"}],"wp:featuredmedia":[{"embeddable":true,"href":"https:\/\/comitati.fisi.org\/veneto\/wp-json\/wp\/v2\/media\/3065"}],"wp:attachment":[{"href":"https:\/\/comitati.fisi.org\/veneto\/wp-json\/wp\/v2\/media?parent=3064"}],"wp:term":[{"taxonomy":"category","embeddable":true,"href":"https:\/\/comitati.fisi.org\/veneto\/wp-json\/wp\/v2\/categories?post=3064"},{"taxonomy":"post_tag","embeddable":true,"href":"https:\/\/comitati.fisi.org\/veneto\/wp-json\/wp\/v2\/tags?post=3064"}],"curies":[{"name":"wp","href":"https:\/\/api.w.org\/{rel}","templated":true}]}}