{"id":30602,"date":"2025-12-29T17:18:59","date_gmt":"2025-12-29T17:18:59","guid":{"rendered":"https:\/\/comitati.fisi.org\/veneto\/?p=30602"},"modified":"2025-12-29T17:20:18","modified_gmt":"2025-12-29T17:20:18","slug":"e-partita-la-seconda-stagione-di-letsgo-skimo","status":"publish","type":"post","link":"https:\/\/comitati.fisi.org\/veneto\/blog\/2025\/12\/29\/e-partita-la-seconda-stagione-di-letsgo-skimo\/","title":{"rendered":"\u00c8 partita la seconda stagione di LETSgo SKIMO"},"content":{"rendered":"\n<p>Al via la seconda stagione di LETSgoSKIMO<\/p>\n\n\n\n<p>L&#8217;unico podcast che racconta lo scialpinismo a 360\u00b0 attraverso le voci dei protagonisti: atleti, guide alpine, appassionati e organizzatori di eventi.<\/p>\n\n\n\n<p>Da un&#8217;idea di \ud835\udde0\ud835\uddee\ud835\ude01\ud835\ude01\ud835\uddf6\ud835\uddee \ud835\udde9\ud835\uddee\ud835\uddf9\ud835\uddf2\ud835\uddfb\ud835\ude01\ud835\uddf6\ud835\uddfb\ud835\uddf6 patrocinata da &nbsp;\ud835\uddd9\ud835\udddc\ud835\udde6\ud835\udddc \ud835\udde9\ud835\uddf2\ud835\uddfb\ud835\uddf2\ud835\ude01\ud835\uddfc con &nbsp;il sostegno della \ud835\uddd6\ud835\uddfc\ud835\uddfc\ud835\uddfd\ud835\uddf2\ud835\uddff\ud835\uddee\ud835\ude01\ud835\uddf6\ud835\ude03\ud835\uddee \ud835\udde6\ud835\uddfc\ud835\uddf0\ud835\uddf6\ud835\uddee\ud835\uddf9\ud835\uddf2 \ud835\udddc\ud835\udde1\ud835\udde2\ud835\udde8\ud835\udde7<\/p>\n\n\n\n<p>10 episodi per conoscere questo sport nella stagione del suo debutto olimpico!<br>5 puntate dedicate alle principali \ud835\uddfa\ud835\uddee\ud835\uddfb\ud835\uddf6\ud835\uddf3\ud835\uddf2\ud835\ude00\ud835\ude01\ud835\uddee\ud835\ude07\ud835\uddf6\ud835\uddfc\ud835\uddfb\ud835\uddf6 \ud835\ude00\ud835\uddfd\ud835\uddfc\ud835\uddff\ud835\ude01\ud835\uddf6\ud835\ude03\ud835\uddf2 dell&#8217;inverno 2025\/2026 e 5 \ud835\ude00\ud835\uddf8\ud835\uddf6\ud835\uddfa\ud835\uddfc\ud835\ude00\ud835\ude01\ud835\uddfc\ud835\uddff\ud835\uddf6\ud835\uddf2\ud835\ude00 alla scoperta dei personaggi che hanno segnato la storia dello ski alp.&nbsp;<\/p>\n\n\n\n<p>LETSgoSKIMO \u00e8 un podcast disponibile&nbsp;su: Spotify, Spreaker, Amazon Music e Apple Podcast ma anche trasmesso da varie emittenti locali,&nbsp;<strong>Radio Belluno<\/strong>&nbsp;(il marted\u00ec alle 10:30 e alle 19:30),&nbsp;<strong>Radio Cortina<\/strong>&nbsp;(il marted\u00ec alle 20:30, il mercoled\u00ec alle 12:50 e la domenica alle 10:30),&nbsp;<strong>Radio Primiero<\/strong>&nbsp;(il marted\u00ec alle 12:35, il mercoled\u00ec alle 16:10 e il gioved\u00ec alle 12:30) e promosso su&nbsp;<strong>Radio Fiemme<\/strong>, per un vasto pubblico che spazia dalla Provincia di Belluno, alla zona di Conegliano e al Trentino orientale.<\/p>\n\n\n\n<p>LINK alla raccolta completa &#8211; spotify<\/p>\n\n\n\n<figure class=\"wp-block-embed is-type-rich is-provider-spotify wp-block-embed-spotify wp-embed-aspect-21-9 wp-has-aspect-ratio\"><div class=\"wp-block-embed__wrapper\">\n<div class=\"x-embed x-is-rich x-is-spotify\"><iframe title=\"Spotify Embed: LETSgoSKIMO 25\/26 - Skimostory con Gloriana Pellissier\" style=\"border-radius: 12px\" width=\"100%\" height=\"152\" frameborder=\"0\" allowfullscreen allow=\"autoplay; clipboard-write; encrypted-media; fullscreen; picture-in-picture\" loading=\"lazy\" src=\"https:\/\/open.spotify.com\/embed\/show\/3IdLoOolYnXCF9ewHDYJaU?si=d59d41b7a54b49df&amp;utm_source=oembed\"><\/iframe><\/div>\n<\/div><\/figure>\n\n\n\n<p>LINK alla raccolta completa &#8211; spreaker<\/p>\n\n\n\n<figure class=\"wp-block-embed is-type-wp-embed is-provider-spreaker wp-block-embed-spreaker\"><div class=\"wp-block-embed__wrapper\">\n<div class=\"x-embed x-is-rich x-is-spreaker\"><iframe class=\"wp-embedded-content\" sandbox=\"allow-scripts\" security=\"restricted\" title=\"LETSgoSKIMO\" src=\"https:\/\/widget.spreaker.com\/player?show_id=6437332&#038;theme=light&#038;cover_image_url=https%3A%2F%2Fd3wo5wojvuv7l.cloudfront.net%2Fimages.spreaker.com%2Foriginal%2F237937102a58d127842f9479920a2b67.jpg&#038;playlist=true#?secret=P2K9VdLfLn\" data-secret=\"P2K9VdLfLn\" width=\"500\" height=\"750\" frameborder=\"0\"><\/iframe><\/div>\n<\/div><\/figure>\n","protected":false},"excerpt":{"rendered":"<p>Podcast ideato da Mattia Valentini<\/p>\n","protected":false},"author":33,"featured_media":30603,"comment_status":"open","ping_status":"open","sticky":false,"template":"","format":"standard","meta":{"_acf_changed":false,"footnotes":""},"categories":[9,14,15,3,39],"tags":[1065],"acf":[],"_links":{"self":[{"href":"https:\/\/comitati.fisi.org\/veneto\/wp-json\/wp\/v2\/posts\/30602"}],"collection":[{"href":"https:\/\/comitati.fisi.org\/veneto\/wp-json\/wp\/v2\/posts"}],"about":[{"href":"https:\/\/comitati.fisi.org\/veneto\/wp-json\/wp\/v2\/types\/post"}],"author":[{"embeddable":true,"href":"https:\/\/comitati.fisi.org\/veneto\/wp-json\/wp\/v2\/users\/33"}],"replies":[{"embeddable":true,"href":"https:\/\/comitati.fisi.org\/veneto\/wp-json\/wp\/v2\/comments?post=30602"}],"version-history":[{"count":2,"href":"https:\/\/comitati.fisi.org\/veneto\/wp-json\/wp\/v2\/posts\/30602\/revisions"}],"predecessor-version":[{"id":30605,"href":"https:\/\/comitati.fisi.org\/veneto\/wp-json\/wp\/v2\/posts\/30602\/revisions\/30605"}],"wp:featuredmedia":[{"embeddable":true,"href":"https:\/\/comitati.fisi.org\/veneto\/wp-json\/wp\/v2\/media\/30603"}],"wp:attachment":[{"href":"https:\/\/comitati.fisi.org\/veneto\/wp-json\/wp\/v2\/media?parent=30602"}],"wp:term":[{"taxonomy":"category","embeddable":true,"href":"https:\/\/comitati.fisi.org\/veneto\/wp-json\/wp\/v2\/categories?post=30602"},{"taxonomy":"post_tag","embeddable":true,"href":"https:\/\/comitati.fisi.org\/veneto\/wp-json\/wp\/v2\/tags?post=30602"}],"curies":[{"name":"wp","href":"https:\/\/api.w.org\/{rel}","templated":true}]}}