{"id":30397,"date":"2025-12-13T16:52:17","date_gmt":"2025-12-13T16:52:17","guid":{"rendered":"https:\/\/comitati.fisi.org\/veneto\/?p=30397"},"modified":"2025-12-13T16:53:38","modified_gmt":"2025-12-13T16:53:38","slug":"scialpinismo-il-tricolore-vertical-a-piancavallo","status":"publish","type":"post","link":"https:\/\/comitati.fisi.org\/veneto\/blog\/2025\/12\/13\/scialpinismo-il-tricolore-vertical-a-piancavallo\/","title":{"rendered":"Scialpinismo, il tricolore Vertical a Piancavallo"},"content":{"rendered":"\n<p>Manca una settimana ai Campionati Italiani di Sci Alpinismo Vertical 2025, in programma sabato 20 dicembre a Piancavallo (Pordenone), con partenza delle gare fissata alle ore 14:30. L\u2019evento assegner\u00e0 i titoli tricolori della specialit\u00e0 Vertical per tutte le categorie previste, dagli assoluti ai giovani.<br>La gara \u00e8 regolarmente confermata e le iscrizioni restano aperte fino a gioved\u00ec 18 dicembre sul sito ufficiale\u00a0<a href=\"http:\/\/www.transcavallo.it\/\" target=\"_blank\" rel=\"noreferrer noopener\">www.transcavallo.it<\/a>.<br>La competizione si disputer\u00e0 su un tracciato ormai collaudato e molto apprezzato dagli atleti, gi\u00e0 teatro di grandi eventi internazionali come i Campionati Mondiali di Sci Alpinismo 2017 Alpago-Piancavallo, vinti da Kilian Jornet Burgada e Andrea Mayr, e i Mondiali Master 2022, conquistati dall\u2019austriaco Christian Hoffmann e dall\u2019italiana Corinna Ghirardi.<br>Il percorso prevede la partenza da Piancavallo (1.280 m) in zona impianti Tr\u00e8mol 1 e l\u2019arrivo ai 1.825 metri del Rifugio Val dei Sas, alla stazione di monte della seggiovia Tr\u00e8mol 2, per uno sviluppo di circa 3,3 chilometri e 575 metri di dislivello positivo.<br>Un tracciato tecnico, con continui cambi di pendenza, un breve tratto in discesa a circa 300 metri dall\u2019arrivo e il passaggio sull\u2019iconica e spettacolare \u201cstradina della morte\u201d subito dopo Baita Arneri. Il tutto da percorrere sempre con gli sci ai piedi, su pista battuta, nel pieno rispetto del regolamento FISI della specialit\u00e0 Vertical.<br>Le categorie giovanili Under 16 e Under 18 avranno il traguardo fissato al Rifugio Baita Arneri, con 380 metri di dislivello positivo, mentre le categorie assolute completeranno l\u2019intero tracciato fino al Rifugio Val dei Sas.<br>In assenza di precipitazioni nevose, la partenza verr\u00e0 posticipata alle ore 16:45. Gli atleti della categoria U16 saranno gli unici a raggiungere il Rifugio Arneri, con un dislivello di 370 metri D+ e arrivo a quota 1.633 m. Tutti gli altri partecipanti si dirigeranno invece verso il Rifugio Val dei Sas, con arrivo a quota 1.822 m. L\u2019ultima partenza \u00e8 fissata alle ore 18:00.<br>Per tutti i partecipanti \u00e8 obbligatorio l\u2019utilizzo della pila frontale, oltre a zaino, abbigliamento antivento sopra e sotto e casco indossato.<br>L\u2019evento \u00e8 organizzato dal Comitato Transcavallo, in collaborazione con PromoTurismo FVG e lo Sci Club Dolomiti Ski Alp.<\/p>\n\n\n\n<p><em>nota stampa organizzazione<\/em><\/p>\n","protected":false},"excerpt":{"rendered":"<p>Appuntamento per sabato 20 dicembre a cura del comitato Transcavallo, in collaborazione con PromoTurismo FVG e lo Sci Club Dolomiti Ski Alp<\/p>\n","protected":false},"author":33,"featured_media":30398,"comment_status":"open","ping_status":"open","sticky":false,"template":"","format":"standard","meta":{"_acf_changed":false,"footnotes":""},"categories":[9,58,14,15,7,39],"tags":[],"acf":[],"_links":{"self":[{"href":"https:\/\/comitati.fisi.org\/veneto\/wp-json\/wp\/v2\/posts\/30397"}],"collection":[{"href":"https:\/\/comitati.fisi.org\/veneto\/wp-json\/wp\/v2\/posts"}],"about":[{"href":"https:\/\/comitati.fisi.org\/veneto\/wp-json\/wp\/v2\/types\/post"}],"author":[{"embeddable":true,"href":"https:\/\/comitati.fisi.org\/veneto\/wp-json\/wp\/v2\/users\/33"}],"replies":[{"embeddable":true,"href":"https:\/\/comitati.fisi.org\/veneto\/wp-json\/wp\/v2\/comments?post=30397"}],"version-history":[{"count":2,"href":"https:\/\/comitati.fisi.org\/veneto\/wp-json\/wp\/v2\/posts\/30397\/revisions"}],"predecessor-version":[{"id":30400,"href":"https:\/\/comitati.fisi.org\/veneto\/wp-json\/wp\/v2\/posts\/30397\/revisions\/30400"}],"wp:featuredmedia":[{"embeddable":true,"href":"https:\/\/comitati.fisi.org\/veneto\/wp-json\/wp\/v2\/media\/30398"}],"wp:attachment":[{"href":"https:\/\/comitati.fisi.org\/veneto\/wp-json\/wp\/v2\/media?parent=30397"}],"wp:term":[{"taxonomy":"category","embeddable":true,"href":"https:\/\/comitati.fisi.org\/veneto\/wp-json\/wp\/v2\/categories?post=30397"},{"taxonomy":"post_tag","embeddable":true,"href":"https:\/\/comitati.fisi.org\/veneto\/wp-json\/wp\/v2\/tags?post=30397"}],"curies":[{"name":"wp","href":"https:\/\/api.w.org\/{rel}","templated":true}]}}