{"id":30304,"date":"2025-12-07T08:55:42","date_gmt":"2025-12-07T08:55:42","guid":{"rendered":"https:\/\/comitati.fisi.org\/veneto\/?p=30304"},"modified":"2025-12-07T16:27:24","modified_gmt":"2025-12-07T16:27:24","slug":"snowboard-dalmasso-e-caffont-5-e-6-a-mylin","status":"publish","type":"post","link":"https:\/\/comitati.fisi.org\/veneto\/blog\/2025\/12\/07\/snowboard-dalmasso-e-caffont-5-e-6-a-mylin\/","title":{"rendered":"Snowboard, Caffont e Dalmasso 5. e 6. a Mylin"},"content":{"rendered":"\n<p>Oggi a Mylin, la localit\u00e0 cinese che ha ospitato il primo appuntamento della Coppa del mondo di snowboard, si \u00e8 svolto il secondo e conclusivo gigante parallelo. Elisa Caffont e Lucia Dalmasso (<em>nell&#8217;immagine Pentaphoto<\/em>) si sono dimostrate ancora una volta brillantissime e pur non riuscendo a centrare n\u00e9 la big final n\u00e9 la small final, hanno chiuso ai vertici: quinto posto per la cavarzanese dell&#8217;Esercito, sesto per la falcadina della Fiamme Gialle. La vittoria \u00e8 andata alla giapponese Tsubaki Miki che in finale ha avuto la meglio sull\u2019elvetica Julie Zogg. Italia dominante tra i maschi con il trentino Mirko Felicetti primo (in finale ha sconfitto il tedesco Stefan Baumeister) e con il livignasco Maurizio Bormolini terzo.<\/p>\n\n\n\n<p>In classifica generale Dalmasso \u00e8 prima con 140 insieme a Miki mentre Caffont condivide la terza posizione a quota 125 con Zogg. La classifica maschile \u00e8 guidata da Bormolini che ha 160 punti, dieci in pi\u00f9 di Felicetti. <\/p>\n\n\n\n<p>Il prossimo appuntamento di Coppa \u00e8 fissato per sabato 13 dicembre con il tradizionale <a href=\"https:\/\/fondazionecortina.com\/eventi\/fis-snowboard-world-cup-parallel-giant-slalom-pgs\/\">gigante parallelo in notturna di Cortina d&#8217;Ampezzo<\/a>. <\/p>\n\n\n\n<p><a href=\"https:\/\/www.fis-ski.com\/DB\/snowboard\/snowboard-alpine\/calendar-results.html?noselection=true&amp;disciplinecode=SG%2CPGS%2CPSL%2CGS%2CSL%2CPRT&amp;mi=menu-calendar\">CLASSIFICHE<\/a><\/p>\n","protected":false},"excerpt":{"rendered":"<p>Prossimo appuntamento a Cortina d&#8217;Ampezzo il 13 dicembre<\/p>\n","protected":false},"author":33,"featured_media":30305,"comment_status":"open","ping_status":"open","sticky":false,"template":"","format":"standard","meta":{"_acf_changed":false,"footnotes":""},"categories":[9,10,13,14,15,7,5,26],"tags":[94,84,1052],"acf":[],"_links":{"self":[{"href":"https:\/\/comitati.fisi.org\/veneto\/wp-json\/wp\/v2\/posts\/30304"}],"collection":[{"href":"https:\/\/comitati.fisi.org\/veneto\/wp-json\/wp\/v2\/posts"}],"about":[{"href":"https:\/\/comitati.fisi.org\/veneto\/wp-json\/wp\/v2\/types\/post"}],"author":[{"embeddable":true,"href":"https:\/\/comitati.fisi.org\/veneto\/wp-json\/wp\/v2\/users\/33"}],"replies":[{"embeddable":true,"href":"https:\/\/comitati.fisi.org\/veneto\/wp-json\/wp\/v2\/comments?post=30304"}],"version-history":[{"count":3,"href":"https:\/\/comitati.fisi.org\/veneto\/wp-json\/wp\/v2\/posts\/30304\/revisions"}],"predecessor-version":[{"id":30318,"href":"https:\/\/comitati.fisi.org\/veneto\/wp-json\/wp\/v2\/posts\/30304\/revisions\/30318"}],"wp:featuredmedia":[{"embeddable":true,"href":"https:\/\/comitati.fisi.org\/veneto\/wp-json\/wp\/v2\/media\/30305"}],"wp:attachment":[{"href":"https:\/\/comitati.fisi.org\/veneto\/wp-json\/wp\/v2\/media?parent=30304"}],"wp:term":[{"taxonomy":"category","embeddable":true,"href":"https:\/\/comitati.fisi.org\/veneto\/wp-json\/wp\/v2\/categories?post=30304"},{"taxonomy":"post_tag","embeddable":true,"href":"https:\/\/comitati.fisi.org\/veneto\/wp-json\/wp\/v2\/tags?post=30304"}],"curies":[{"name":"wp","href":"https:\/\/api.w.org\/{rel}","templated":true}]}}