{"id":30302,"date":"2025-12-06T21:19:01","date_gmt":"2025-12-06T21:19:01","guid":{"rendered":"https:\/\/comitati.fisi.org\/veneto\/?p=30302"},"modified":"2025-12-06T21:19:01","modified_gmt":"2025-12-06T21:19:01","slug":"scialpinismo-subito-podio-per-alba-de-silvestro-in-coppa-del-mondo","status":"publish","type":"post","link":"https:\/\/comitati.fisi.org\/veneto\/blog\/2025\/12\/06\/scialpinismo-subito-podio-per-alba-de-silvestro-in-coppa-del-mondo\/","title":{"rendered":"Scialpinismo, subito podio per Alba De Silvestro in Coppa del Mondo"},"content":{"rendered":"\n<p>Alba De Silvestro e Michele Boscacci portano l\u2019Italia sul podio nella prima gara stagionale di Coppa del Mondo: i coniugi azzurri sono secondi nella staffetta mista che a Solitude, negli Stati Uniti, ha aperto un inverno storico per lo sci alpinismo, specialit\u00e0 che attende il debutto sul palcoscenico a cinque cerchi nei prossimi Giochi Olimpici Invernali di Milano Cortina 2026.<\/p>\n\n\n\n<p>Ed in attesa delle sfide che si terranno a Bormio, l\u2019Italia piazza subito una zampata da podio: la bellunese ed il valtellinese, compagni anche nella vita, sono secondi solamente ai padroni di casa degli Stati Uniti Anna Gibson e Cameron Smith, vincitori in 32\u201917\u20336 con un margine di 51\u20331 sulla coppia italiana, preceduta sul traguardo anche dai tedeschi Paller \/ H\u00f6sch, penalizzati per\u00f2 di 30\u2033 e di conseguenza retrocessi in quarta piazza, a vantaggio anche degli svizzeri Thibe Deseyn\/Arno Lietha, terzi.<\/p>\n\n\n\n<p>Alba De Silvestro \u00e8 magistrale in prima frazione a presentarsi per prima in zona cambio, ma con il progredire della gara i padroni di casa salgono di giri fino a prendere il largo. Boscacci duella con H\u00f6sch ma nel finale il tedesco sembra avere la meglio, salvo incappare nella penalit\u00e0 che gli coster\u00e0 il podio.<\/p>\n\n\n\n<p>Inizia col piede giusto la stagione azzurra, in un sabato statunitense che vede la seconda coppia italiana formata da Katia Mascherona e Luca Tomasoni chiudere al quarto posto la finale B vinta dagli altri statunitensi Hali Hafeman\/Griffin Briley.<\/p>\n\n\n\n<p>Domani la tappa di Solitude si completa con la sprint individuale.<\/p>\n\n\n\n<p><br><a href=\"https:\/\/ismf-ski.com\/\">CLASSIFICHE<\/a><\/p>\n","protected":false},"excerpt":{"rendered":"<p>Alba De Silvestro e Michele Boscacci portano l\u2019Italia sul podio nella prima gara stagionale di Coppa del Mondo: i coniugi azzurri sono secondi nella staffetta mista che a Solitude, negli Stati Uniti, ha aperto un inverno storico per lo sci alpinismo, specialit\u00e0 che attende il debutto sul palcoscenico a cinque cerchi nei prossimi Giochi Olimpici Invernali di Milano Cortina 2026.&hellip;<\/p>\n","protected":false},"author":33,"featured_media":25901,"comment_status":"open","ping_status":"open","sticky":false,"template":"","format":"standard","meta":{"_acf_changed":false,"footnotes":""},"categories":[9,10,14,15,3,5,6],"tags":[53,138],"acf":[],"_links":{"self":[{"href":"https:\/\/comitati.fisi.org\/veneto\/wp-json\/wp\/v2\/posts\/30302"}],"collection":[{"href":"https:\/\/comitati.fisi.org\/veneto\/wp-json\/wp\/v2\/posts"}],"about":[{"href":"https:\/\/comitati.fisi.org\/veneto\/wp-json\/wp\/v2\/types\/post"}],"author":[{"embeddable":true,"href":"https:\/\/comitati.fisi.org\/veneto\/wp-json\/wp\/v2\/users\/33"}],"replies":[{"embeddable":true,"href":"https:\/\/comitati.fisi.org\/veneto\/wp-json\/wp\/v2\/comments?post=30302"}],"version-history":[{"count":1,"href":"https:\/\/comitati.fisi.org\/veneto\/wp-json\/wp\/v2\/posts\/30302\/revisions"}],"predecessor-version":[{"id":30303,"href":"https:\/\/comitati.fisi.org\/veneto\/wp-json\/wp\/v2\/posts\/30302\/revisions\/30303"}],"wp:featuredmedia":[{"embeddable":true,"href":"https:\/\/comitati.fisi.org\/veneto\/wp-json\/wp\/v2\/media\/25901"}],"wp:attachment":[{"href":"https:\/\/comitati.fisi.org\/veneto\/wp-json\/wp\/v2\/media?parent=30302"}],"wp:term":[{"taxonomy":"category","embeddable":true,"href":"https:\/\/comitati.fisi.org\/veneto\/wp-json\/wp\/v2\/categories?post=30302"},{"taxonomy":"post_tag","embeddable":true,"href":"https:\/\/comitati.fisi.org\/veneto\/wp-json\/wp\/v2\/tags?post=30302"}],"curies":[{"name":"wp","href":"https:\/\/api.w.org\/{rel}","templated":true}]}}