{"id":30245,"date":"2025-12-03T12:06:15","date_gmt":"2025-12-03T12:06:15","guid":{"rendered":"https:\/\/comitati.fisi.org\/veneto\/?p=30245"},"modified":"2025-12-03T12:09:22","modified_gmt":"2025-12-03T12:09:22","slug":"fondo-trombetta-cagnati-e-milani-in-fesa-cup-a-planica","status":"publish","type":"post","link":"https:\/\/comitati.fisi.org\/veneto\/blog\/2025\/12\/03\/fondo-trombetta-cagnati-e-milani-in-fesa-cup-a-planica\/","title":{"rendered":"Fondo, Trombetta, Cagnati e Milani in Fesa Cup a Planica"},"content":{"rendered":"\n<p>Tra venerd\u00ec e domenica prossimi (5-7 dicembre), prende il via da Planica (Slovenia) la Fesa Cup 2025-2026. In programma ci sono una sprint in tecnica libera e due prove individuali, in tecnica classica prima e a skating poi, come di consueto tanto per le categorie Senior, quanto per gli Junior. In azzurro ci saranno Edoardo Trombetta (Ski College Veneto Falcade, <em>foto<\/em>), Caterina Milani (Centro sportivo Carabinieri) e Vanessa Cagnati (Fiamme Gialle). <\/p>\n","protected":false},"excerpt":{"rendered":"<p>Nella localit\u00e0 slovena si garegger\u00e0 da venerd\u00ec a domenica<\/p>\n","protected":false},"author":33,"featured_media":30246,"comment_status":"open","ping_status":"open","sticky":false,"template":"","format":"standard","meta":{"_acf_changed":false,"footnotes":""},"categories":[9,13,14,15,16,3,507,6],"tags":[313,312,20,318,83],"acf":[],"_links":{"self":[{"href":"https:\/\/comitati.fisi.org\/veneto\/wp-json\/wp\/v2\/posts\/30245"}],"collection":[{"href":"https:\/\/comitati.fisi.org\/veneto\/wp-json\/wp\/v2\/posts"}],"about":[{"href":"https:\/\/comitati.fisi.org\/veneto\/wp-json\/wp\/v2\/types\/post"}],"author":[{"embeddable":true,"href":"https:\/\/comitati.fisi.org\/veneto\/wp-json\/wp\/v2\/users\/33"}],"replies":[{"embeddable":true,"href":"https:\/\/comitati.fisi.org\/veneto\/wp-json\/wp\/v2\/comments?post=30245"}],"version-history":[{"count":2,"href":"https:\/\/comitati.fisi.org\/veneto\/wp-json\/wp\/v2\/posts\/30245\/revisions"}],"predecessor-version":[{"id":30248,"href":"https:\/\/comitati.fisi.org\/veneto\/wp-json\/wp\/v2\/posts\/30245\/revisions\/30248"}],"wp:featuredmedia":[{"embeddable":true,"href":"https:\/\/comitati.fisi.org\/veneto\/wp-json\/wp\/v2\/media\/30246"}],"wp:attachment":[{"href":"https:\/\/comitati.fisi.org\/veneto\/wp-json\/wp\/v2\/media?parent=30245"}],"wp:term":[{"taxonomy":"category","embeddable":true,"href":"https:\/\/comitati.fisi.org\/veneto\/wp-json\/wp\/v2\/categories?post=30245"},{"taxonomy":"post_tag","embeddable":true,"href":"https:\/\/comitati.fisi.org\/veneto\/wp-json\/wp\/v2\/tags?post=30245"}],"curies":[{"name":"wp","href":"https:\/\/api.w.org\/{rel}","templated":true}]}}