{"id":30209,"date":"2025-11-30T18:26:12","date_gmt":"2025-11-30T18:26:12","guid":{"rendered":"https:\/\/comitati.fisi.org\/veneto\/?p=30209"},"modified":"2025-11-30T18:37:06","modified_gmt":"2025-11-30T18:37:06","slug":"scialpinismo-grande-veneto-al-tonale-nellesordio-di-coppa-italia","status":"publish","type":"post","link":"https:\/\/comitati.fisi.org\/veneto\/blog\/2025\/11\/30\/scialpinismo-grande-veneto-al-tonale-nellesordio-di-coppa-italia\/","title":{"rendered":"Scialpinismo, grande Veneto al Tonale nell&#8217;esordio di Coppa Italia"},"content":{"rendered":"\n<p>Parte con il piede giusto la stagione del Comitato Veneto FISI, impegnato oggi nella prima tappa della Coppa Italia Giovani di scialpinismo, l\u2019Adamello Ski Raid Young. La squadra veneta rientra dal Tonale con due podi e diversi piazzamenti di rilievo, confermando solidit\u00e0 e competitivit\u00e0 gi\u00e0 al primo appuntamento.<\/p>\n\n\n\n<p>Il miglior risultato arriva dalla categoria U18 femminile, dove Veronica Bandiera firma un convincente secondo posto, confermandosi atleta di alto livello nel panorama nazionale. Podio anche nella U20 femminile, grazie a Martina Scola, che chiude terza dopo una prova costante e ben amministrata.<\/p>\n\n\n\n<p>Nella U18 maschile si mette in evidenza Tommaso Gabrielli, autore di un\u2019ottima gara che gli vale il 4\u00b0 posto. Buone indicazioni arrivano anche da Andrea Scola, 13\u00b0, e Alex Wierer, 19\u00b0, in una categoria particolarmente competitiva.<\/p>\n\n\n\n<p>Molto positiva la prova nella U16 maschile di Pietro Pilat, che chiude 5\u00b0 e soprattutto si mantiene a soli 20 secondi dal secondo posto, confermando un livello gi\u00e0 molto alto nonostante l\u2019inizio di stagione.<\/p>\n\n\n\n<p>Questa tappa inaugurale lascia sensazioni incoraggianti per il Comitato Veneto, che apre la Coppa Italia Giovani con due podi, un quarto e un quinto posto, mostrando un gruppo giovane ma gi\u00e0 maturo e ben preparato. La squadra torner\u00e0 in gara nelle prossime settimane per la seconda prova del circuito nazionale.<\/p>\n\n\n\n<div data-wp-interactive=\"core\/file\" class=\"wp-block-file\"><object data-wp-bind--hidden=\"!state.hasPdfPreview\"  class=\"wp-block-file__embed\" data=\"https:\/\/comitati.fisi.org\/veneto\/wp-content\/uploads\/sites\/39\/2025\/11\/CLASSIFICA-UFFICIALE_1-adamello-ski-raid-2025.pdf\" type=\"application\/pdf\" style=\"width:100%;height:600px\" aria-label=\"Incorporamento di CLASSIFICA-UFFICIALE_1-adamello-ski-raid-2025.\"><\/object><a id=\"wp-block-file--media-0fafab06-2f31-4807-ab62-01a2285f710d\" href=\"https:\/\/comitati.fisi.org\/veneto\/wp-content\/uploads\/sites\/39\/2025\/11\/CLASSIFICA-UFFICIALE_1-adamello-ski-raid-2025.pdf\">CLASSIFICA-UFFICIALE_1-adamello-ski-raid-2025<\/a><a href=\"https:\/\/comitati.fisi.org\/veneto\/wp-content\/uploads\/sites\/39\/2025\/11\/CLASSIFICA-UFFICIALE_1-adamello-ski-raid-2025.pdf\" class=\"wp-block-file__button wp-element-button\" download aria-describedby=\"wp-block-file--media-0fafab06-2f31-4807-ab62-01a2285f710d\">Download<\/a><\/div>\n","protected":false},"excerpt":{"rendered":"<p>Sul podio Veronica Bandiera e Martina Scola <\/p>\n","protected":false},"author":33,"featured_media":30212,"comment_status":"open","ping_status":"open","sticky":false,"template":"","format":"standard","meta":{"_acf_changed":false,"footnotes":""},"categories":[9,24,14,15,3,5,39,6],"tags":[],"acf":[],"_links":{"self":[{"href":"https:\/\/comitati.fisi.org\/veneto\/wp-json\/wp\/v2\/posts\/30209"}],"collection":[{"href":"https:\/\/comitati.fisi.org\/veneto\/wp-json\/wp\/v2\/posts"}],"about":[{"href":"https:\/\/comitati.fisi.org\/veneto\/wp-json\/wp\/v2\/types\/post"}],"author":[{"embeddable":true,"href":"https:\/\/comitati.fisi.org\/veneto\/wp-json\/wp\/v2\/users\/33"}],"replies":[{"embeddable":true,"href":"https:\/\/comitati.fisi.org\/veneto\/wp-json\/wp\/v2\/comments?post=30209"}],"version-history":[{"count":3,"href":"https:\/\/comitati.fisi.org\/veneto\/wp-json\/wp\/v2\/posts\/30209\/revisions"}],"predecessor-version":[{"id":30215,"href":"https:\/\/comitati.fisi.org\/veneto\/wp-json\/wp\/v2\/posts\/30209\/revisions\/30215"}],"wp:featuredmedia":[{"embeddable":true,"href":"https:\/\/comitati.fisi.org\/veneto\/wp-json\/wp\/v2\/media\/30212"}],"wp:attachment":[{"href":"https:\/\/comitati.fisi.org\/veneto\/wp-json\/wp\/v2\/media?parent=30209"}],"wp:term":[{"taxonomy":"category","embeddable":true,"href":"https:\/\/comitati.fisi.org\/veneto\/wp-json\/wp\/v2\/categories?post=30209"},{"taxonomy":"post_tag","embeddable":true,"href":"https:\/\/comitati.fisi.org\/veneto\/wp-json\/wp\/v2\/tags?post=30209"}],"curies":[{"name":"wp","href":"https:\/\/api.w.org\/{rel}","templated":true}]}}