{"id":30164,"date":"2025-11-25T07:18:19","date_gmt":"2025-11-25T07:18:19","guid":{"rendered":"https:\/\/comitati.fisi.org\/veneto\/?p=30164"},"modified":"2025-11-25T07:37:02","modified_gmt":"2025-11-25T07:37:02","slug":"bob-a-cortina-quattro-maschile-e-due-femminile-nel-segno-della-germania","status":"publish","type":"post","link":"https:\/\/comitati.fisi.org\/veneto\/blog\/2025\/11\/25\/bob-a-cortina-quattro-maschile-e-due-femminile-nel-segno-della-germania\/","title":{"rendered":"Bob, a Cortina quattro maschile e due femminile nel segno della Germania"},"content":{"rendered":"\n<p>La seconda e conclusiva giornata del ritorno della Coppa del Mondo sulla pista \u201cEugenio Monti\u201d di Cortina d\u2019Ampezzo \u00e8 nel segno della Germania.<br>Domenica, 23 novembre, sia nel quattro maschile sia nel due femminile a vincere sono stati infatti gli atleti teutonici. Tra i maschi Johannes Lochner (con i frenatori Thorsten Margis, J\u00f6rn Wenzel e Georg Fleischhauer) ha preceduto di 22 centesimi il connazionale Francesco Friedrich (con Matthias Sommer, Alexander Sch\u00fcller e Felix Straub) e di 61 centesimi il coreano Jinsu Kim (con Sunwook Kim, Hyeonggeun Kim e Geonu Lee). Tra le ragazze, Laura Nolte e Deborah Levi hanno avuto la meglio su due equipaggi statunitensi: Kaysha Love con Azaria Hill a 77 centesimi e Kaillie Armbruster Humphries con Sylvia Hoffman a 79 centesimi.<br>L\u2019altoatesino Patrick Baumgartner, con Eriric Fantazzini, Robert Mircea e Lorenzo Bilotti, ha chiuso in ottava posizione, con un distacco di un secondo e sei centesimi.<br>Positiva la resa in fase di spinta per il team azzurro che ha invece lasciato qualche centesimo di troppo sul budello ampezzano nel tratto guidato, soprattutto nel settore inferiore del tracciato. \u00ab\u00c8 mancato qualcosa nella guida, specie nella parte inferiore del tracciato, dove ogni errore si paga molto\u00bb commenta Baumgartner. \u00abBravi davvero i ragazzi in spinta, in entrambe le manche. Ora proveremo ancora questa pista per trovare le migliori soluzioni. Personalmente mi aspettavo di riuscire a farci largo nella top6 in entrambe le gare ma \u00e8 mancato qualcosa. Ma prendiamo questi risultati come primo vero test con gli altri, un primo confronto: resta a noi analizzare tutto e capire quante pi\u00f9 cose possibile\u00bb.<br>\u00abIl bilancio del quattro non \u00e8 positivo, non siamo soddisfatti del risultato finale\u00bb sottolinea il direttore tecnico Maurizio Oioli. \u00abBene le spinte, ma abbiamo commesso qualche errore di troppo in discesa. Se vogliamo stare sul podio dobbiamo evitare questi errori. Possiamo migliorare anche sui materiali, specie nella parte bassa. Dobbiamo capire cosa \u00e8 mancato per migliorare nelle prossime gare\u00bb.<br>Il dt nel corso del fine settimana ha commentato anche il debutto stagionale dello skeleton, gara che ha visto l\u2019ampezzano Mattia Gaspari piazzarsi al 17.mo posto.<br>\u00abSiamo onesti, ci aspettavamo di pi\u00f9, anche su quel fronte\u00bb dice Oioli. \u00abI ragazzi hanno sofferto un po\u2019 il gareggiare in casa e credo che gi\u00e0 nella staffetta fossero gi\u00e0 pi\u00f9 sciolti. Mi piace sottolineare la bella gara di Alessandra Fumagalli, la sua migliore in carriera in Coppa del Mondo\u00bb.<br>La Coppa del Mondo di bob torna in scena gi\u00e0 nel prossimo fine settimana a Igls (Austria).<\/p>\n\n\n\n<p><a href=\"https:\/\/www.ibsf.org\/en\/races-and-results\">RISULTATI<\/a><\/p>\n\n\n\n<p><em>foto credito IBSF<\/em><\/p>\n","protected":false},"excerpt":{"rendered":"<p>Ottava posizione per l&#8217;equipaggio italiano<\/p>\n","protected":false},"author":33,"featured_media":30165,"comment_status":"open","ping_status":"open","sticky":false,"template":"","format":"standard","meta":{"_acf_changed":false,"footnotes":""},"categories":[151,62,14,15,7],"tags":[],"acf":[],"_links":{"self":[{"href":"https:\/\/comitati.fisi.org\/veneto\/wp-json\/wp\/v2\/posts\/30164"}],"collection":[{"href":"https:\/\/comitati.fisi.org\/veneto\/wp-json\/wp\/v2\/posts"}],"about":[{"href":"https:\/\/comitati.fisi.org\/veneto\/wp-json\/wp\/v2\/types\/post"}],"author":[{"embeddable":true,"href":"https:\/\/comitati.fisi.org\/veneto\/wp-json\/wp\/v2\/users\/33"}],"replies":[{"embeddable":true,"href":"https:\/\/comitati.fisi.org\/veneto\/wp-json\/wp\/v2\/comments?post=30164"}],"version-history":[{"count":2,"href":"https:\/\/comitati.fisi.org\/veneto\/wp-json\/wp\/v2\/posts\/30164\/revisions"}],"predecessor-version":[{"id":30174,"href":"https:\/\/comitati.fisi.org\/veneto\/wp-json\/wp\/v2\/posts\/30164\/revisions\/30174"}],"wp:featuredmedia":[{"embeddable":true,"href":"https:\/\/comitati.fisi.org\/veneto\/wp-json\/wp\/v2\/media\/30165"}],"wp:attachment":[{"href":"https:\/\/comitati.fisi.org\/veneto\/wp-json\/wp\/v2\/media?parent=30164"}],"wp:term":[{"taxonomy":"category","embeddable":true,"href":"https:\/\/comitati.fisi.org\/veneto\/wp-json\/wp\/v2\/categories?post=30164"},{"taxonomy":"post_tag","embeddable":true,"href":"https:\/\/comitati.fisi.org\/veneto\/wp-json\/wp\/v2\/tags?post=30164"}],"curies":[{"name":"wp","href":"https:\/\/api.w.org\/{rel}","templated":true}]}}