{"id":30151,"date":"2025-11-22T18:39:35","date_gmt":"2025-11-22T18:39:35","guid":{"rendered":"https:\/\/comitati.fisi.org\/veneto\/?p=30151"},"modified":"2025-11-22T19:40:16","modified_gmt":"2025-11-22T19:40:16","slug":"bob-top-ten-per-baumgartner-mircea-a-cortina","status":"publish","type":"post","link":"https:\/\/comitati.fisi.org\/veneto\/blog\/2025\/11\/22\/bob-top-ten-per-baumgartner-mircea-a-cortina\/","title":{"rendered":"Bob, top ten per Baumgartner\/Mircea a Cortina"},"content":{"rendered":"\n<p>Tripletta tedesca nel bob a due e positivo settimo posto per Baumgartner\/Mircea a Cortina d\u2019Ampezzo (Belluno) al termine della prima giornata della prima tappa di Coppa del Mondo sulla rinnovata Eugenio Monti che ha permesso di riportare il massimo circuito in Italia dopo 18 anni.<br>Johannes Lochner e Greg Fleischhauer siglano il miglior tempo in entrambe le discese e fanno loro la prima gara stagionale con il crono complessivo di 1\u201951\u203315, lasciando rispettivamente a 0\u203334 e a 0\u203360 gli altri due equipaggi tedeschi Friedrich\/Sch\u00fcller e Ammour\/Schaller che si confermano cos\u00ec sul podio, come gi\u00e0 a met\u00e0 gara.<\/p>\n\n\n\n<p>Alle loro spalle i coreani Kim\/Kim risalgono di ben sette posizioni per accomodarsi in quarta piazza a 1\u203305, trainando parzialmente nella rimonta anche Patrick Baumgartner e Robert Mircea che passano dal decimo posto provvisorio al settimo finale, con un gap di 1\u203338 da Lochner.<\/p>\n\n\n\n<p>Il 56\u203326 segnato nella seconda discesa dal bob azzurro \u00e8 risultato il sesto miglior tempo del round, con piena soddisfazione da parte di Baumgartner. \u201cSono molto contento dopo due manche su questa pista: abbiamo capito dove siamo, anche in relazione agli avversari. Purtroppo nella prima manche ho commesso un errore nella parte alta, nella seconda \u00e8 andata meglio e abbiamo guadagnato qualche posizione. Domani nel bob a 4 credo che possiamo essere ancora pi\u00f9 competitivi in fase di spinta, sono fiducioso\u201d.<br>Robert Mircea: \u201cSento un po\u2019 di rammarico per quei pochi centesimi che ci separano dal sesto posto. Oggi la spinta ha funzionato abbastanza bene ma c\u2019\u00e8 sicuramente molto margine. Dobbiamo lavorare perch\u00e8 questa diventi davvero la nostra pista preferita, in vista dei Giochi Olimpici Invernali\u201d.<\/p>\n\n\n\n<p>Oltre la ventesima posizione gli altri due equipaggi azzurri: Alex Verginer e Mario Lambrughi pagano un ritardo di 1\u203336 per la 25esima piazza, con Mattia Variola e Fabio Batti, 29esimi a 1\u203369.<\/p>\n\n\n\n<p>Successo per la tedesca Laura Nolte invece nel monobob femminile che ha aperto la giornata: terza dopo la prima discesa, Nolte ha saputo risalire la classifica fissandosi al comando con il tempo complessivo di 1\u201959\u203347 con 15 centesimi di margine sulla statunitense Kaysha Love e 0\u203316 sull\u2019australiana Breena Walker; domenica 23 novembre \u00e8 in programma il bob a 2.<\/p>\n\n\n\n<p>Domani, domenica 23 novembre, la tappa ampezzana si completa con il bob a 2 femminile, al via alle 9:30, seguito alle 13:30 dal bob a 4 maschile che coinvolger\u00e0 nuovamente gli equipaggi di Patrick Baumgartner, Mattia Variola ed Alex Verginer.<\/p>\n\n\n\n<p>foto credito <a href=\"https:\/\/www.ibsf.org\/en\/\">Ibsf<\/a><\/p>\n\n\n\n<p><a href=\"https:\/\/www.ibsf.org\/en\/races-and-results\">CLASSIFICHE<\/a><\/p>\n","protected":false},"excerpt":{"rendered":"<p>Domani la conclusione con due femminile e quattro maschile<\/p>\n","protected":false},"author":33,"featured_media":30152,"comment_status":"open","ping_status":"open","sticky":false,"template":"","format":"standard","meta":{"_acf_changed":false,"footnotes":""},"categories":[9,151,10,14,15,7],"tags":[],"acf":[],"_links":{"self":[{"href":"https:\/\/comitati.fisi.org\/veneto\/wp-json\/wp\/v2\/posts\/30151"}],"collection":[{"href":"https:\/\/comitati.fisi.org\/veneto\/wp-json\/wp\/v2\/posts"}],"about":[{"href":"https:\/\/comitati.fisi.org\/veneto\/wp-json\/wp\/v2\/types\/post"}],"author":[{"embeddable":true,"href":"https:\/\/comitati.fisi.org\/veneto\/wp-json\/wp\/v2\/users\/33"}],"replies":[{"embeddable":true,"href":"https:\/\/comitati.fisi.org\/veneto\/wp-json\/wp\/v2\/comments?post=30151"}],"version-history":[{"count":3,"href":"https:\/\/comitati.fisi.org\/veneto\/wp-json\/wp\/v2\/posts\/30151\/revisions"}],"predecessor-version":[{"id":30155,"href":"https:\/\/comitati.fisi.org\/veneto\/wp-json\/wp\/v2\/posts\/30151\/revisions\/30155"}],"wp:featuredmedia":[{"embeddable":true,"href":"https:\/\/comitati.fisi.org\/veneto\/wp-json\/wp\/v2\/media\/30152"}],"wp:attachment":[{"href":"https:\/\/comitati.fisi.org\/veneto\/wp-json\/wp\/v2\/media?parent=30151"}],"wp:term":[{"taxonomy":"category","embeddable":true,"href":"https:\/\/comitati.fisi.org\/veneto\/wp-json\/wp\/v2\/categories?post=30151"},{"taxonomy":"post_tag","embeddable":true,"href":"https:\/\/comitati.fisi.org\/veneto\/wp-json\/wp\/v2\/tags?post=30151"}],"curies":[{"name":"wp","href":"https:\/\/api.w.org\/{rel}","templated":true}]}}