{"id":3013,"date":"2019-01-16T09:44:24","date_gmt":"2019-01-16T09:44:24","guid":{"rendered":"http:\/\/www.fisiveneto.com\/?p=3013"},"modified":"2019-01-16T09:44:24","modified_gmt":"2019-01-16T09:44:24","slug":"gran-prix-lattebusche-il-27-gennaio-la-pd-ro-tv-ve-gareggia-ad-alleghe","status":"publish","type":"post","link":"https:\/\/comitati.fisi.org\/veneto\/blog\/2019\/01\/16\/gran-prix-lattebusche-il-27-gennaio-la-pd-ro-tv-ve-gareggia-ad-alleghe\/","title":{"rendered":"Gran Prix Lattebusche, il 27 gennaio la Pd-Ro-Tv-Ve gareggia ad Alleghe"},"content":{"rendered":"\n<p>Come per il Grand prix E. Ma.Pri.Ce., anche per il Grand Prix Lattebusche del 27 gennaio ci sar\u00e0 un cambio di localit\u00e0 per quanto riguarda la circoscrizione Padova-Rovigo-Treviso-Venezia. Non si garegger\u00e0 in Val di Zoldo bens\u00ec ad Alleghe, per l&#8217;organizzazione del Centro Agonistico Veneziano.<\/p>\n","protected":false},"excerpt":{"rendered":"<p>Come per il Grand prix E. Ma.Pri.Ce., anche per il Grand Prix Lattebusche del 27 gennaio ci sar\u00e0 un cambio di localit\u00e0 per quanto riguarda la circoscrizione Padova-Rovigo-Treviso-Venezia. Non si garegger\u00e0 in Val di Zoldo bens\u00ec ad Alleghe, per l&#8217;organizzazione del Centro Agonistico Veneziano.<\/p>\n","protected":false},"author":4,"featured_media":2588,"comment_status":"closed","ping_status":"open","sticky":false,"template":"","format":"standard","meta":{"_acf_changed":false,"footnotes":""},"categories":[108,109,27,434,662,19,323,230],"tags":[],"acf":[],"_links":{"self":[{"href":"https:\/\/comitati.fisi.org\/veneto\/wp-json\/wp\/v2\/posts\/3013"}],"collection":[{"href":"https:\/\/comitati.fisi.org\/veneto\/wp-json\/wp\/v2\/posts"}],"about":[{"href":"https:\/\/comitati.fisi.org\/veneto\/wp-json\/wp\/v2\/types\/post"}],"author":[{"embeddable":true,"href":"https:\/\/comitati.fisi.org\/veneto\/wp-json\/wp\/v2\/users\/4"}],"replies":[{"embeddable":true,"href":"https:\/\/comitati.fisi.org\/veneto\/wp-json\/wp\/v2\/comments?post=3013"}],"version-history":[{"count":0,"href":"https:\/\/comitati.fisi.org\/veneto\/wp-json\/wp\/v2\/posts\/3013\/revisions"}],"wp:featuredmedia":[{"embeddable":true,"href":"https:\/\/comitati.fisi.org\/veneto\/wp-json\/wp\/v2\/media\/2588"}],"wp:attachment":[{"href":"https:\/\/comitati.fisi.org\/veneto\/wp-json\/wp\/v2\/media?parent=3013"}],"wp:term":[{"taxonomy":"category","embeddable":true,"href":"https:\/\/comitati.fisi.org\/veneto\/wp-json\/wp\/v2\/categories?post=3013"},{"taxonomy":"post_tag","embeddable":true,"href":"https:\/\/comitati.fisi.org\/veneto\/wp-json\/wp\/v2\/tags?post=3013"}],"curies":[{"name":"wp","href":"https:\/\/api.w.org\/{rel}","templated":true}]}}