{"id":30102,"date":"2025-11-05T15:49:04","date_gmt":"2025-11-05T15:49:04","guid":{"rendered":"https:\/\/comitati.fisi.org\/veneto\/?p=30102"},"modified":"2025-11-05T16:46:35","modified_gmt":"2025-11-05T16:46:35","slug":"alpino-squadra-regionale-tra-stelvio-e-senales","status":"publish","type":"post","link":"https:\/\/comitati.fisi.org\/veneto\/blog\/2025\/11\/05\/alpino-squadra-regionale-tra-stelvio-e-senales\/","title":{"rendered":"Alpino, squadra regionale tra Stelvio e Senales"},"content":{"rendered":"\n<p>Nei giorni scorsi (2-4 novembre) le squadre regionali di sci alpino hanno svolto un raduno allo Stelvio. Si \u00e8 trattato di tre giorni molto proficui nei quali si \u00e8 lavorato parecchio anche sulle fasi di partenza e sulla tecnica. Il prossimo raduno \u00e8 programma in Val Senales dal 10 al 13 novembre. <\/p>\n","protected":false},"excerpt":{"rendered":"<p>Intenso periodo di raduni<\/p>\n","protected":false},"author":33,"featured_media":30103,"comment_status":"open","ping_status":"open","sticky":false,"template":"","format":"standard","meta":{"_acf_changed":false,"footnotes":""},"categories":[9,14,15,3,19,6],"tags":[357,608],"acf":[],"_links":{"self":[{"href":"https:\/\/comitati.fisi.org\/veneto\/wp-json\/wp\/v2\/posts\/30102"}],"collection":[{"href":"https:\/\/comitati.fisi.org\/veneto\/wp-json\/wp\/v2\/posts"}],"about":[{"href":"https:\/\/comitati.fisi.org\/veneto\/wp-json\/wp\/v2\/types\/post"}],"author":[{"embeddable":true,"href":"https:\/\/comitati.fisi.org\/veneto\/wp-json\/wp\/v2\/users\/33"}],"replies":[{"embeddable":true,"href":"https:\/\/comitati.fisi.org\/veneto\/wp-json\/wp\/v2\/comments?post=30102"}],"version-history":[{"count":3,"href":"https:\/\/comitati.fisi.org\/veneto\/wp-json\/wp\/v2\/posts\/30102\/revisions"}],"predecessor-version":[{"id":30108,"href":"https:\/\/comitati.fisi.org\/veneto\/wp-json\/wp\/v2\/posts\/30102\/revisions\/30108"}],"wp:featuredmedia":[{"embeddable":true,"href":"https:\/\/comitati.fisi.org\/veneto\/wp-json\/wp\/v2\/media\/30103"}],"wp:attachment":[{"href":"https:\/\/comitati.fisi.org\/veneto\/wp-json\/wp\/v2\/media?parent=30102"}],"wp:term":[{"taxonomy":"category","embeddable":true,"href":"https:\/\/comitati.fisi.org\/veneto\/wp-json\/wp\/v2\/categories?post=30102"},{"taxonomy":"post_tag","embeddable":true,"href":"https:\/\/comitati.fisi.org\/veneto\/wp-json\/wp\/v2\/tags?post=30102"}],"curies":[{"name":"wp","href":"https:\/\/api.w.org\/{rel}","templated":true}]}}