{"id":30040,"date":"2025-10-13T14:32:06","date_gmt":"2025-10-13T14:32:06","guid":{"rendered":"https:\/\/comitati.fisi.org\/veneto\/?p=30040"},"modified":"2025-10-13T14:32:55","modified_gmt":"2025-10-13T14:32:55","slug":"alpino-squadre-regionali-da-saas-fee-alla-val-senales","status":"publish","type":"post","link":"https:\/\/comitati.fisi.org\/veneto\/blog\/2025\/10\/13\/alpino-squadre-regionali-da-saas-fee-alla-val-senales\/","title":{"rendered":"Alpino, squadre regionali da Saas Fee alla Val Senales"},"content":{"rendered":"\n<p>Si \u00e8 concluso ieri a Saas Fee (Svizzera) il raduno di quattro giorni delle squadre regionali di sci alpino, dedicato a superG e discesa. Giornate perfette di cielo sereno e neve invernale hanno caratterizzato questo primo approccio stagionale con gli sci lunghi. Si \u00e8 lavorato molto sui salti, considerata anche la difficolt\u00e0 di esercitarsi in quest&#8217;ambito durante la stagione. Molta attenzione \u00e8 stata dedicata, inoltre, alle posture da adottare e al posizionamento stabile sui piedi e alla cura delle fasi di partenza, con continua analisi video e cronometro. Con il prossimo raduno (20-24 ottobre) si torner\u00e0 in Val Senales, gi\u00e0 teatro di un collegiale a fine settembre.<\/p>\n","protected":false},"excerpt":{"rendered":"<p>Prossimo raduno dal 20 al 24 ottobre<\/p>\n","protected":false},"author":33,"featured_media":30043,"comment_status":"open","ping_status":"open","sticky":false,"template":"","format":"standard","meta":{"_acf_changed":false,"footnotes":""},"categories":[9,14,3,5],"tags":[1042,608],"acf":[],"_links":{"self":[{"href":"https:\/\/comitati.fisi.org\/veneto\/wp-json\/wp\/v2\/posts\/30040"}],"collection":[{"href":"https:\/\/comitati.fisi.org\/veneto\/wp-json\/wp\/v2\/posts"}],"about":[{"href":"https:\/\/comitati.fisi.org\/veneto\/wp-json\/wp\/v2\/types\/post"}],"author":[{"embeddable":true,"href":"https:\/\/comitati.fisi.org\/veneto\/wp-json\/wp\/v2\/users\/33"}],"replies":[{"embeddable":true,"href":"https:\/\/comitati.fisi.org\/veneto\/wp-json\/wp\/v2\/comments?post=30040"}],"version-history":[{"count":2,"href":"https:\/\/comitati.fisi.org\/veneto\/wp-json\/wp\/v2\/posts\/30040\/revisions"}],"predecessor-version":[{"id":30044,"href":"https:\/\/comitati.fisi.org\/veneto\/wp-json\/wp\/v2\/posts\/30040\/revisions\/30044"}],"wp:featuredmedia":[{"embeddable":true,"href":"https:\/\/comitati.fisi.org\/veneto\/wp-json\/wp\/v2\/media\/30043"}],"wp:attachment":[{"href":"https:\/\/comitati.fisi.org\/veneto\/wp-json\/wp\/v2\/media?parent=30040"}],"wp:term":[{"taxonomy":"category","embeddable":true,"href":"https:\/\/comitati.fisi.org\/veneto\/wp-json\/wp\/v2\/categories?post=30040"},{"taxonomy":"post_tag","embeddable":true,"href":"https:\/\/comitati.fisi.org\/veneto\/wp-json\/wp\/v2\/tags?post=30040"}],"curies":[{"name":"wp","href":"https:\/\/api.w.org\/{rel}","templated":true}]}}