{"id":29979,"date":"2025-10-02T14:47:54","date_gmt":"2025-10-02T14:47:54","guid":{"rendered":"https:\/\/comitati.fisi.org\/veneto\/?p=29979"},"modified":"2025-10-02T14:52:09","modified_gmt":"2025-10-02T14:52:09","slug":"grave-lutto-per-leonardo-dinca","status":"publish","type":"post","link":"https:\/\/comitati.fisi.org\/veneto\/blog\/2025\/10\/02\/grave-lutto-per-leonardo-dinca\/","title":{"rendered":"Grave lutto per Leonardo D&#8217;Inc\u00e0"},"content":{"rendered":"\n<p>Il presidente del Comitato e tutto il consiglio di Fisi Veneto si stringono a Leonardo D&#8217;Inc\u00e0, giovane sciatore dello Sci club Trichiana che da questa stagione fa parte della squadra regionale di sci alpino, per il grave lutto che lo ha colpito. Nelle ore scorse \u00e8 infatti mancato il pap\u00e0 Luca. Da parte del presidente Roberto Visentin, del consiglio direttivo e di tutto il mondo dello sci veneto, le pi\u00f9 sentite condoglianze a Leonardo e a tutti i suoi familiari.<\/p>\n","protected":false},"excerpt":{"rendered":"<p>Il presidente del Comitato e tutto il consiglio di Fisi Veneto si stringono al ragazzo dello Sci club Trichiana per la perdita del padre Luca<\/p>\n","protected":false},"author":33,"featured_media":29222,"comment_status":"open","ping_status":"open","sticky":false,"template":"","format":"standard","meta":{"_acf_changed":false,"footnotes":""},"categories":[9,14,15,7],"tags":[],"acf":[],"_links":{"self":[{"href":"https:\/\/comitati.fisi.org\/veneto\/wp-json\/wp\/v2\/posts\/29979"}],"collection":[{"href":"https:\/\/comitati.fisi.org\/veneto\/wp-json\/wp\/v2\/posts"}],"about":[{"href":"https:\/\/comitati.fisi.org\/veneto\/wp-json\/wp\/v2\/types\/post"}],"author":[{"embeddable":true,"href":"https:\/\/comitati.fisi.org\/veneto\/wp-json\/wp\/v2\/users\/33"}],"replies":[{"embeddable":true,"href":"https:\/\/comitati.fisi.org\/veneto\/wp-json\/wp\/v2\/comments?post=29979"}],"version-history":[{"count":3,"href":"https:\/\/comitati.fisi.org\/veneto\/wp-json\/wp\/v2\/posts\/29979\/revisions"}],"predecessor-version":[{"id":29983,"href":"https:\/\/comitati.fisi.org\/veneto\/wp-json\/wp\/v2\/posts\/29979\/revisions\/29983"}],"wp:featuredmedia":[{"embeddable":true,"href":"https:\/\/comitati.fisi.org\/veneto\/wp-json\/wp\/v2\/media\/29222"}],"wp:attachment":[{"href":"https:\/\/comitati.fisi.org\/veneto\/wp-json\/wp\/v2\/media?parent=29979"}],"wp:term":[{"taxonomy":"category","embeddable":true,"href":"https:\/\/comitati.fisi.org\/veneto\/wp-json\/wp\/v2\/categories?post=29979"},{"taxonomy":"post_tag","embeddable":true,"href":"https:\/\/comitati.fisi.org\/veneto\/wp-json\/wp\/v2\/tags?post=29979"}],"curies":[{"name":"wp","href":"https:\/\/api.w.org\/{rel}","templated":true}]}}