{"id":29974,"date":"2025-09-26T15:00:15","date_gmt":"2025-09-26T15:00:15","guid":{"rendered":"https:\/\/comitati.fisi.org\/veneto\/?p=29974"},"modified":"2025-09-27T18:11:22","modified_gmt":"2025-09-27T18:11:22","slug":"fondo-raduno-a-passo-lavaze-per-la-squadra-regionale","status":"publish","type":"post","link":"https:\/\/comitati.fisi.org\/veneto\/blog\/2025\/09\/26\/fondo-raduno-a-passo-lavaze-per-la-squadra-regionale\/","title":{"rendered":"Fondo, raduno a Passo Lavaz\u00e9 per la squadra regionale"},"content":{"rendered":"\n<p>Nel fine settimana compreso tra il 10 e il 12 ottobre, \u00e8 previsto un raduno al Passo Lavaz\u00e8 per la squadra regionale e gli osservati dello sci di fondo. Il responsabile della commissione, David Alver\u00e0, ha disposto la convocazione dei seguenti atleti. Under 18: Matilde Cestari (Ski College Veneto Falcade), Marco Pezzo (Sci club Bosco), Filippo Segala (Sci club Rover\u00e8), Giorgio Piccoliori (Sci club Cortina), Marco Menia Cadore (Sci club Dolomiti Cadore). Under 20: Vanessa Cagnati (Fiamme Gialle), Caterina Milani (Carabinieri), Elisa Frigo (2 A Asiago Altopiano), Anna Morandini (Sci club Val Biois), Edoardo Trombetta (Ski College Veneto Falcade), Dante Barp (Sci club Val Biois), Davide Capra (Sci club Val Biois), Alex Rossi (Sci club Val Biois), Diego Debertolis (Sci club Val Biois).<\/p>\n\n\n\n<p>Gli atleti saranno seguiti dai tecnici Fabio Selle e Alberto Pertile. <\/p>\n","protected":false},"excerpt":{"rendered":"<p>Dal 10 al 12 ottobre<\/p>\n","protected":false},"author":33,"featured_media":29975,"comment_status":"open","ping_status":"open","sticky":false,"template":"","format":"standard","meta":{"_acf_changed":false,"footnotes":""},"categories":[9,14,15],"tags":[],"acf":[],"_links":{"self":[{"href":"https:\/\/comitati.fisi.org\/veneto\/wp-json\/wp\/v2\/posts\/29974"}],"collection":[{"href":"https:\/\/comitati.fisi.org\/veneto\/wp-json\/wp\/v2\/posts"}],"about":[{"href":"https:\/\/comitati.fisi.org\/veneto\/wp-json\/wp\/v2\/types\/post"}],"author":[{"embeddable":true,"href":"https:\/\/comitati.fisi.org\/veneto\/wp-json\/wp\/v2\/users\/33"}],"replies":[{"embeddable":true,"href":"https:\/\/comitati.fisi.org\/veneto\/wp-json\/wp\/v2\/comments?post=29974"}],"version-history":[{"count":3,"href":"https:\/\/comitati.fisi.org\/veneto\/wp-json\/wp\/v2\/posts\/29974\/revisions"}],"predecessor-version":[{"id":29978,"href":"https:\/\/comitati.fisi.org\/veneto\/wp-json\/wp\/v2\/posts\/29974\/revisions\/29978"}],"wp:featuredmedia":[{"embeddable":true,"href":"https:\/\/comitati.fisi.org\/veneto\/wp-json\/wp\/v2\/media\/29975"}],"wp:attachment":[{"href":"https:\/\/comitati.fisi.org\/veneto\/wp-json\/wp\/v2\/media?parent=29974"}],"wp:term":[{"taxonomy":"category","embeddable":true,"href":"https:\/\/comitati.fisi.org\/veneto\/wp-json\/wp\/v2\/categories?post=29974"},{"taxonomy":"post_tag","embeddable":true,"href":"https:\/\/comitati.fisi.org\/veneto\/wp-json\/wp\/v2\/tags?post=29974"}],"curies":[{"name":"wp","href":"https:\/\/api.w.org\/{rel}","templated":true}]}}