{"id":29886,"date":"2025-09-08T12:53:50","date_gmt":"2025-09-08T12:53:50","guid":{"rendered":"https:\/\/comitati.fisi.org\/veneto\/?p=29886"},"modified":"2025-09-08T12:53:51","modified_gmt":"2025-09-08T12:53:51","slug":"alpino-buon-lavoro-a-wittenburg-per-le-squadre-regionali","status":"publish","type":"post","link":"https:\/\/comitati.fisi.org\/veneto\/blog\/2025\/09\/08\/alpino-buon-lavoro-a-wittenburg-per-le-squadre-regionali\/","title":{"rendered":"Alpino, buon lavoro a Wittenburg per le squadre regionali"},"content":{"rendered":"\n<p>Dal 3 al 6 settembre scorso le squadre regionali di sci alpino hanno lavorato nella struttura coperta di Wittenburg, in Germania. <br>L\u2019attivit\u00e0 \u00e8 stata cos\u00ec organizzata: due  sessioni di palo nano con esercizi addestrativi, una sessione di palo alto con aggiunta di esercizi, una sessione di gigante tracciato a 15 metri, usando gli sci da slalom, e tre sessioni di palo alto con l\u2019utilizzo del sistema di cronometraggio.<br>Giornate impegnative con doppio turno d\u2019allenamento e preparazione materiali non hanno lasciato tanto tempo libero, considerato anche l\u2019impegno serale di analisi video e poi riposo.<br>Il prossimo collegiale \u00e8 in programma in Val Senales dal 22 al 26 settembre.<\/p>\n","protected":false},"excerpt":{"rendered":"<p>Il prossimo collegiale \u00e8 in programma in Val Senales dal 22 al 26 settembre<\/p>\n","protected":false},"author":33,"featured_media":29888,"comment_status":"open","ping_status":"open","sticky":false,"template":"","format":"standard","meta":{"_acf_changed":false,"footnotes":""},"categories":[9,14,15,3,19,6],"tags":[749],"acf":[],"_links":{"self":[{"href":"https:\/\/comitati.fisi.org\/veneto\/wp-json\/wp\/v2\/posts\/29886"}],"collection":[{"href":"https:\/\/comitati.fisi.org\/veneto\/wp-json\/wp\/v2\/posts"}],"about":[{"href":"https:\/\/comitati.fisi.org\/veneto\/wp-json\/wp\/v2\/types\/post"}],"author":[{"embeddable":true,"href":"https:\/\/comitati.fisi.org\/veneto\/wp-json\/wp\/v2\/users\/33"}],"replies":[{"embeddable":true,"href":"https:\/\/comitati.fisi.org\/veneto\/wp-json\/wp\/v2\/comments?post=29886"}],"version-history":[{"count":1,"href":"https:\/\/comitati.fisi.org\/veneto\/wp-json\/wp\/v2\/posts\/29886\/revisions"}],"predecessor-version":[{"id":29889,"href":"https:\/\/comitati.fisi.org\/veneto\/wp-json\/wp\/v2\/posts\/29886\/revisions\/29889"}],"wp:featuredmedia":[{"embeddable":true,"href":"https:\/\/comitati.fisi.org\/veneto\/wp-json\/wp\/v2\/media\/29888"}],"wp:attachment":[{"href":"https:\/\/comitati.fisi.org\/veneto\/wp-json\/wp\/v2\/media?parent=29886"}],"wp:term":[{"taxonomy":"category","embeddable":true,"href":"https:\/\/comitati.fisi.org\/veneto\/wp-json\/wp\/v2\/categories?post=29886"},{"taxonomy":"post_tag","embeddable":true,"href":"https:\/\/comitati.fisi.org\/veneto\/wp-json\/wp\/v2\/tags?post=29886"}],"curies":[{"name":"wp","href":"https:\/\/api.w.org\/{rel}","templated":true}]}}