{"id":29878,"date":"2025-09-08T12:26:42","date_gmt":"2025-09-08T12:26:42","guid":{"rendered":"https:\/\/comitati.fisi.org\/veneto\/?p=29878"},"modified":"2025-09-08T12:39:26","modified_gmt":"2025-09-08T12:39:26","slug":"sport-scuola-anche-fisi-veneto-protagonista-del-festival-dellinnovazione","status":"publish","type":"post","link":"https:\/\/comitati.fisi.org\/veneto\/blog\/2025\/09\/08\/sport-scuola-anche-fisi-veneto-protagonista-del-festival-dellinnovazione\/","title":{"rendered":"Sport &amp; Scuola, anche Fisi Veneto protagonista del Festival dell&#8217;Innovazione"},"content":{"rendered":"\n<p>Sono stati tre giorni dedicati al futuro della scuola quelli dal 5 al 7 settembre, un intero fine settimana nel quale Valdobbiadene \u00e8 tornata a ospitare il Festival dell\u2019Innovazione Scolastica, evento che ogni anno raccoglie le esperienze pi\u00f9 significative provenienti da tutta Italia. L\u2019edizione 2025 ha messo al centro un tema cruciale: \u00abPromuovere e valutare le non- cognitive skills\u00bb, competenze indispensabili per formare studenti non solo preparati, ma anche resilienti, empatici e capaci di lavorare in squadra.<\/p>\n\n\n\n<p>Tra le settantadue scuole selezionate c\u2019\u00e8 anche la \u201cdon Milani\u201d di Giavera del Montello, presente per la quarta volta con il progetto \u201cDal silenzio alla parola \u2013 un viaggio tra emozioni e comunicazione efficace\u201d, progetto che ha puntato a rafforzare le soft skills attraverso lo sviluppo delle capacit\u00e0 comunicative, scritte e orali, dando valore al lavoro di gruppo come motore di crescita condivisa. Il progetto \u00e8 stato sviluppato grazie alla collaborazione con Fondazione Cortina, Regione Veneto, FISI Veneto e al sostegno di Gruppo Beyfin Spa e CORTINABANCA, che hanno contribuito alla pubblicazione del libro \u201cCorty e i giochi sulla neve\u201d da cui ha preso il via una parte delle attivit\u00e0.<\/p>\n\n\n\n<p>L\u2019iniziativa si inserisce all\u2019interno del Progetto Scuole, iniziativa promossa da Fondazione Cortina in stretta sinergia con la Regione Veneto e con la collaborazione di Assi Onlus e FISI Veneto con lo scopo di avvicinare i pi\u00f9 giovani allo sport, ai suoi valori e alla cultura della montagna, rafforzando il legame con il territorio in vista dei Giochi Olimpici e Paralimpici Invernali di Milano Cortina 2026. Il progetto \u00e8 anche parte integrante dell\u2019Education Programme Gen26 di Milano Cortina 2026, che accompagna le giovani generazioni nel percorso verso i Giochi Olimpici e Paralimpici Invernali Milano Cortina 2026.<\/p>\n\n\n\n<p>Solo nell\u2019anno scolastico 2024\/25, le attivit\u00e0 del Progetto Scuole di Fondazione Cortina hanno coinvolto oltre 2.300 studenti del Veneto, mentre 3.000 ragazzi hanno potuto partecipare dal vivo a competizioni internazionali di grande rilievo, come la Coppa del Mondo di sci alpino femminile e i Campionati Mondiali Juniores di curling, test event ufficiali in vista di Milano Cortina 2026.<\/p>\n\n\n\n<p>Con questa nuova partecipazione alla manifestazione valdobbiadenese, la scuola \u201cdon Milani\u201d conferma la propria attitudine a promuovere un\u2019istruzione capace di coniugare saperi, competenze relazionali, crescita personale e amore per il territorio.<\/p>\n\n\n\n<p><strong>Il commento di Paola Marcon \u2013 Responsabile Commissione Scuola di Fisi Veneto<\/strong><\/p>\n\n\n\n<p>La continuit\u00e0 data alla partecipazione del Comitato Veneto al Festival Nazionale dell\u2019Innovazione scolastica rappresenta una grande soddisfazione perch\u00e9 ci mette in relazione con la parte pi\u00f9 viva della scuola italiana e ci permette di illustrare le nostre idee e il nostro modo di lavorare a stakeholder di altissimo livello. Nell\u2019ambito del Progetto Scuole, l\u2019attivit\u00e0 che ha visto al centro il libro \u201cCorty e i giochi sulla neve\u201d ci ha permesso di rivolgerci anche ad i pi\u00f9 piccoli, per far conoscere ed apprezzare a docenti, dirigenti e famiglie il nostro movimento giovanile.<\/p>\n\n\n\n<p><strong>Il commento del Sindaco Andrea Maccari<\/strong>, sindaco di Giavera del Montello<br>\u00abLa partecipazione della scuola \u201cdon Milani\u201d al Festival dell\u2019Innovazione Scolastica non \u00e8 soltanto un riconoscimento di valore per l\u2019istituto, ma un traguardo che appartiene a tutta la comunit\u00e0 di Giavera del Montello. In un momento in cui la scuola italiana \u00e8 chiamata a ripensarsi, il progetto presentato testimonia come l\u2019apprendimento possa diventare un percorso di crescita integrale, capace di unire competenze disciplinari e competenze relazionali.<\/p>\n\n\n\n<p>In particolare, mi preme sottolineare due aspetti che ritengo fondamentali. Da un lato, il lavoro di squadra: i ragazzi imparano che i risultati migliori nascono dalla collaborazione, dal confronto e dalla capacit\u00e0 di mettere insieme le energie e i talenti di ciascuno. Questo \u00e8 un insegnamento prezioso che li accompagner\u00e0 per tutta la vita. Dall\u2019altro, l\u2019importanza di inserire sempre pi\u00f9 attivit\u00e0 laboratoriali all\u2019interno della didattica ministeriale: il laboratorio \u00e8 il luogo in cui la teoria si traduce in esperienza, dove l\u2019apprendimento diventa concreto, partecipato e stimolante.<\/p>\n\n\n\n<p>La \u201cdon Milani\u201d dimostra ancora una volta che innovare non significa soltanto introdurre nuove metodologie, ma soprattutto coltivare nei ragazzi la capacit\u00e0 di pensare in modo critico, creativo e collaborativo, radicandoli al contempo nei valori della comunit\u00e0 e del territorio in cui vivono.\u00bb<\/p>\n\n\n\n<p><\/p>\n\n\n\n<p><em>In foto, da sinistra: Erica Bellodis, di Fondazione Cortina, e Paola Marcon, responsabile commissione Scuola del nostro comitato<\/em><\/p>\n","protected":false},"excerpt":{"rendered":"<p>Importante la sinergia con Fondazione Cortina<\/p>\n","protected":false},"author":33,"featured_media":29880,"comment_status":"open","ping_status":"open","sticky":false,"template":"","format":"standard","meta":{"_acf_changed":false,"footnotes":""},"categories":[9,14,3,6],"tags":[1032],"acf":[],"_links":{"self":[{"href":"https:\/\/comitati.fisi.org\/veneto\/wp-json\/wp\/v2\/posts\/29878"}],"collection":[{"href":"https:\/\/comitati.fisi.org\/veneto\/wp-json\/wp\/v2\/posts"}],"about":[{"href":"https:\/\/comitati.fisi.org\/veneto\/wp-json\/wp\/v2\/types\/post"}],"author":[{"embeddable":true,"href":"https:\/\/comitati.fisi.org\/veneto\/wp-json\/wp\/v2\/users\/33"}],"replies":[{"embeddable":true,"href":"https:\/\/comitati.fisi.org\/veneto\/wp-json\/wp\/v2\/comments?post=29878"}],"version-history":[{"count":5,"href":"https:\/\/comitati.fisi.org\/veneto\/wp-json\/wp\/v2\/posts\/29878\/revisions"}],"predecessor-version":[{"id":29885,"href":"https:\/\/comitati.fisi.org\/veneto\/wp-json\/wp\/v2\/posts\/29878\/revisions\/29885"}],"wp:featuredmedia":[{"embeddable":true,"href":"https:\/\/comitati.fisi.org\/veneto\/wp-json\/wp\/v2\/media\/29880"}],"wp:attachment":[{"href":"https:\/\/comitati.fisi.org\/veneto\/wp-json\/wp\/v2\/media?parent=29878"}],"wp:term":[{"taxonomy":"category","embeddable":true,"href":"https:\/\/comitati.fisi.org\/veneto\/wp-json\/wp\/v2\/categories?post=29878"},{"taxonomy":"post_tag","embeddable":true,"href":"https:\/\/comitati.fisi.org\/veneto\/wp-json\/wp\/v2\/tags?post=29878"}],"curies":[{"name":"wp","href":"https:\/\/api.w.org\/{rel}","templated":true}]}}