{"id":29864,"date":"2025-09-07T17:12:42","date_gmt":"2025-09-07T17:12:42","guid":{"rendered":"https:\/\/comitati.fisi.org\/veneto\/?p=29864"},"modified":"2025-09-07T17:12:43","modified_gmt":"2025-09-07T17:12:43","slug":"sci-derba-doppietta-azzurra-nellultima-giornata-delle-finali-di-coppa","status":"publish","type":"post","link":"https:\/\/comitati.fisi.org\/veneto\/blog\/2025\/09\/07\/sci-derba-doppietta-azzurra-nellultima-giornata-delle-finali-di-coppa\/","title":{"rendered":"Sci d&#8217;erba, doppietta azzurra nell&#8217;ultima giornata delle finali di Coppa"},"content":{"rendered":"\n<p>Si \u00e8 chiusa oggi con una splendida doppietta la tre giorni delle finali della Coppa del mondo di sci d\u2019erba, finali proposte sulla pista di Col Indes di Tambre dal Gt Bell1. Sul pendio alpagoto, dove \u00e8 andato in scena lo slalom, si \u00e8 imposto il trentino Filippo Zamboni, campione mondiale della specialit\u00e0, su un altro atleta trentino, Daniele Buio, 15 i centesimi di differenza tra i due al termine delle due manche. A completare il podio \u00e8 stato il ceco Jan Borak, a 55 centesimi dal leader. Decimo il bellunese Michael Bertagno.<br>Zamboni e Borak si sono aggiudicati a pari merito la coppa di specialit\u00e0, mentre un altro trentino, Andrea Iori, uscito nella seconda manche, ha chiuso al secondo posto la classifica generale complessiva di Coppa. Il trofeo se l\u2019\u00e8 aggiudicato il ceco Martin Bartak, secondo alla vigilia dell\u2019atto finale e ieri settimo nello slalom.<br>In campo femminile, ci ha provato in tutti i modi la ceca Eliska Rejchrtova a mettere in difficolt\u00e0 l\u2019austriaca Lara Teynor per la Coppa generale, fino a vincere l\u2019ultimo slalom di stagione ma la campionessa biancorossa ha resistito, chiudendo seconda la gara tra i pali stretti, a 52 centesimi dalla rivale e imponendosi per appena 20 punti nella classifica generale, oltre a vincere anche la classifica di specialit\u00e0. Terzo posto di giornata per l\u2019altra austriaca, Emma Eberhardt, a 60 centesimi dalla ceca.<br>Per l\u2019Italia c\u2019\u00e8 un ottimo sesto posto di Noemi Oettl, in rimonta di quattro posizioni rispetto alla prima frazione, mentre la sospirolese Margherita Mazzoncini ha chiuso all\u2019ottavo posto.<br>\u00abUna tre giorni riuscita, nonostante il maltempo di venerd\u00ec ci abbia creato qualche difficolt\u00e0\u00bb spiega Luigi Umberto Sommavilla, presidente del Grasski Team Belluno e coordinatore dello staff organizzativo. \u00abCol Indes ha ospitato ancora una volta un evento di livello e questo grazie alla collaborazione di enti, volontari e sponsor\u00bb.<\/p>\n\n\n\n<div data-wp-interactive=\"core\/file\" class=\"wp-block-file\"><object data-wp-bind--hidden=\"!state.hasPdfPreview\"  class=\"wp-block-file__embed\" data=\"https:\/\/comitati.fisi.org\/veneto\/wp-content\/uploads\/sites\/39\/2025\/09\/WC_OFFICIAL-RESULTS_SL_7.9-1.pdf\" type=\"application\/pdf\" style=\"width:100%;height:600px\" aria-label=\"Incorporamento di WC_OFFICIAL-RESULTS_SL_7.9-1.\"><\/object><a id=\"wp-block-file--media-570f28de-f5a4-46e3-aa39-41da94d17835\" href=\"https:\/\/comitati.fisi.org\/veneto\/wp-content\/uploads\/sites\/39\/2025\/09\/WC_OFFICIAL-RESULTS_SL_7.9-1.pdf\">WC_OFFICIAL-RESULTS_SL_7.9-1<\/a><a href=\"https:\/\/comitati.fisi.org\/veneto\/wp-content\/uploads\/sites\/39\/2025\/09\/WC_OFFICIAL-RESULTS_SL_7.9-1.pdf\" class=\"wp-block-file__button wp-element-button\" download aria-describedby=\"wp-block-file--media-570f28de-f5a4-46e3-aa39-41da94d17835\">Download<\/a><\/div>\n","protected":false},"excerpt":{"rendered":"<p>Si \u00e8 chiusa oggi con una splendida doppietta la tre giorni delle finali della Coppa del mondo di sci d\u2019erba, finali proposte sulla pista di Col Indes di Tambre dal Gt Bell1. Sul pendio alpagoto, dove \u00e8 andato in scena lo slalom, si \u00e8 imposto il trentino Filippo Zamboni, campione mondiale della specialit\u00e0, su un altro atleta trentino, Daniele Buio,&hellip;<\/p>\n","protected":false},"author":33,"featured_media":29866,"comment_status":"open","ping_status":"open","sticky":false,"template":"","format":"standard","meta":{"_acf_changed":false,"footnotes":""},"categories":[9,10,13,14,15,3,5,6],"tags":[246,933,347],"acf":[],"_links":{"self":[{"href":"https:\/\/comitati.fisi.org\/veneto\/wp-json\/wp\/v2\/posts\/29864"}],"collection":[{"href":"https:\/\/comitati.fisi.org\/veneto\/wp-json\/wp\/v2\/posts"}],"about":[{"href":"https:\/\/comitati.fisi.org\/veneto\/wp-json\/wp\/v2\/types\/post"}],"author":[{"embeddable":true,"href":"https:\/\/comitati.fisi.org\/veneto\/wp-json\/wp\/v2\/users\/33"}],"replies":[{"embeddable":true,"href":"https:\/\/comitati.fisi.org\/veneto\/wp-json\/wp\/v2\/comments?post=29864"}],"version-history":[{"count":1,"href":"https:\/\/comitati.fisi.org\/veneto\/wp-json\/wp\/v2\/posts\/29864\/revisions"}],"predecessor-version":[{"id":29867,"href":"https:\/\/comitati.fisi.org\/veneto\/wp-json\/wp\/v2\/posts\/29864\/revisions\/29867"}],"wp:featuredmedia":[{"embeddable":true,"href":"https:\/\/comitati.fisi.org\/veneto\/wp-json\/wp\/v2\/media\/29866"}],"wp:attachment":[{"href":"https:\/\/comitati.fisi.org\/veneto\/wp-json\/wp\/v2\/media?parent=29864"}],"wp:term":[{"taxonomy":"category","embeddable":true,"href":"https:\/\/comitati.fisi.org\/veneto\/wp-json\/wp\/v2\/categories?post=29864"},{"taxonomy":"post_tag","embeddable":true,"href":"https:\/\/comitati.fisi.org\/veneto\/wp-json\/wp\/v2\/tags?post=29864"}],"curies":[{"name":"wp","href":"https:\/\/api.w.org\/{rel}","templated":true}]}}