{"id":2984,"date":"2019-01-15T08:54:05","date_gmt":"2019-01-15T08:54:05","guid":{"rendered":"http:\/\/www.fisiveneto.com\/?p=2984"},"modified":"2019-01-15T08:54:05","modified_gmt":"2019-01-15T08:54:05","slug":"grand-prix-e-ma-pri-ce-variazioni-al-calendario-2","status":"publish","type":"post","link":"https:\/\/comitati.fisi.org\/veneto\/blog\/2019\/01\/15\/grand-prix-e-ma-pri-ce-variazioni-al-calendario-2\/","title":{"rendered":"Grand Prix E.ma.Pri.Ce., variazioni al calendario"},"content":{"rendered":"\n<p>La prova del Grand Prix Emaprice (circoscrizione Padova-Rovigo-Treviso-Venezia) prevista per il 27 gennaio si svolger\u00e0 non pi\u00f9 in Val di Zoldo  bens\u00ec ad Alleghe. Organizzazione Centro Agonistico Veneziano.<\/p>\n","protected":false},"excerpt":{"rendered":"<p>La prova del Grand Prix Emaprice (circoscrizione Padova-Rovigo-Treviso-Venezia) prevista per il 27 gennaio si svolger\u00e0 non pi\u00f9 in Val di Zoldo bens\u00ec ad Alleghe. Organizzazione Centro Agonistico Veneziano.<\/p>\n","protected":false},"author":4,"featured_media":2397,"comment_status":"closed","ping_status":"open","sticky":false,"template":"","format":"standard","meta":{"_acf_changed":false,"footnotes":""},"categories":[122,120,274,434,123,662,323,230],"tags":[677,161],"acf":[],"_links":{"self":[{"href":"https:\/\/comitati.fisi.org\/veneto\/wp-json\/wp\/v2\/posts\/2984"}],"collection":[{"href":"https:\/\/comitati.fisi.org\/veneto\/wp-json\/wp\/v2\/posts"}],"about":[{"href":"https:\/\/comitati.fisi.org\/veneto\/wp-json\/wp\/v2\/types\/post"}],"author":[{"embeddable":true,"href":"https:\/\/comitati.fisi.org\/veneto\/wp-json\/wp\/v2\/users\/4"}],"replies":[{"embeddable":true,"href":"https:\/\/comitati.fisi.org\/veneto\/wp-json\/wp\/v2\/comments?post=2984"}],"version-history":[{"count":0,"href":"https:\/\/comitati.fisi.org\/veneto\/wp-json\/wp\/v2\/posts\/2984\/revisions"}],"wp:featuredmedia":[{"embeddable":true,"href":"https:\/\/comitati.fisi.org\/veneto\/wp-json\/wp\/v2\/media\/2397"}],"wp:attachment":[{"href":"https:\/\/comitati.fisi.org\/veneto\/wp-json\/wp\/v2\/media?parent=2984"}],"wp:term":[{"taxonomy":"category","embeddable":true,"href":"https:\/\/comitati.fisi.org\/veneto\/wp-json\/wp\/v2\/categories?post=2984"},{"taxonomy":"post_tag","embeddable":true,"href":"https:\/\/comitati.fisi.org\/veneto\/wp-json\/wp\/v2\/tags?post=2984"}],"curies":[{"name":"wp","href":"https:\/\/api.w.org\/{rel}","templated":true}]}}