{"id":29796,"date":"2025-09-03T14:40:52","date_gmt":"2025-09-03T14:40:52","guid":{"rendered":"https:\/\/comitati.fisi.org\/veneto\/?p=29796"},"modified":"2025-09-11T13:30:50","modified_gmt":"2025-09-11T13:30:50","slug":"il-13-settembre-ad-alleghe-la-terza-festa-dello-sci-regionale","status":"publish","type":"post","link":"https:\/\/comitati.fisi.org\/veneto\/blog\/2025\/09\/03\/il-13-settembre-ad-alleghe-la-terza-festa-dello-sci-regionale\/","title":{"rendered":"Il 13 settembre ad Alleghe la terza Festa dello sci regionale"},"content":{"rendered":"\n<p>Sar\u00e0 Alleghe a ospitare la terza edizione della Festa dello Sci regionale. L&#8217;appuntamento \u00e8 per sabato 13 settembre ai Piani di Pezz\u00e8. L&#8217;inizio \u00e8 previsto per le 10.30. Il programma prevede la presentazione delle squadre regionali dello diverse discipline per la stagione 2025-2026 e la premiazione dei circuiti istituzionali 2024-2025: Energiapura per lo sci alpino, Sportful e Laser Style Italia per lo sci di fondo. Verranno inoltre premiati gli atleti meritevoli in ambito sportivo e scolastico. In pi\u00f9 ci sar\u00e0 l&#8217;assegnazione di alcuni premi speciali: il terzo memorial Giovanni Viel, la seconda edizione del premio Prosecco DOC e la prima edizione del premio Liski Giovani Talenti, in collaborazione con Fondazione Cortina.<\/p>\n\n\n\n<figure class=\"wp-block-image size-large\"><img loading=\"lazy\" decoding=\"async\" width=\"725\" height=\"1024\" src=\"https:\/\/comitati.fisi.org\/veneto\/wp-content\/uploads\/sites\/39\/2025\/09\/3\u00b0-FESTA-SCI-VENETO_2025_page-0001-725x1024.jpg\" alt=\"\" class=\"wp-image-29797\" srcset=\"https:\/\/comitati.fisi.org\/veneto\/wp-content\/uploads\/sites\/39\/2025\/09\/3\u00b0-FESTA-SCI-VENETO_2025_page-0001-725x1024.jpg 725w, https:\/\/comitati.fisi.org\/veneto\/wp-content\/uploads\/sites\/39\/2025\/09\/3\u00b0-FESTA-SCI-VENETO_2025_page-0001-212x300.jpg 212w, https:\/\/comitati.fisi.org\/veneto\/wp-content\/uploads\/sites\/39\/2025\/09\/3\u00b0-FESTA-SCI-VENETO_2025_page-0001-768x1085.jpg 768w, https:\/\/comitati.fisi.org\/veneto\/wp-content\/uploads\/sites\/39\/2025\/09\/3\u00b0-FESTA-SCI-VENETO_2025_page-0001-1087x1536.jpg 1087w, https:\/\/comitati.fisi.org\/veneto\/wp-content\/uploads\/sites\/39\/2025\/09\/3\u00b0-FESTA-SCI-VENETO_2025_page-0001.jpg 1241w\" sizes=\"(max-width: 725px) 100vw, 725px\" \/><\/figure>\n\n\n","protected":false},"excerpt":{"rendered":"<p>Ci sar\u00e0 anche l&#8217;assegnazione di alcuni premi speciali: il terzo memorial Giovanni Viel, la seconda edizione del premio Prosecco Doc e la prima edizione del premio Liski Giovani Talenti, in collaborazione con Fondazione Cortina.<\/p>\n","protected":false},"author":33,"featured_media":29798,"comment_status":"open","ping_status":"open","sticky":false,"template":"","format":"standard","meta":{"_acf_changed":false,"footnotes":""},"categories":[9,14,15,3,4,6],"tags":[40,1027,45,974],"acf":[],"_links":{"self":[{"href":"https:\/\/comitati.fisi.org\/veneto\/wp-json\/wp\/v2\/posts\/29796"}],"collection":[{"href":"https:\/\/comitati.fisi.org\/veneto\/wp-json\/wp\/v2\/posts"}],"about":[{"href":"https:\/\/comitati.fisi.org\/veneto\/wp-json\/wp\/v2\/types\/post"}],"author":[{"embeddable":true,"href":"https:\/\/comitati.fisi.org\/veneto\/wp-json\/wp\/v2\/users\/33"}],"replies":[{"embeddable":true,"href":"https:\/\/comitati.fisi.org\/veneto\/wp-json\/wp\/v2\/comments?post=29796"}],"version-history":[{"count":3,"href":"https:\/\/comitati.fisi.org\/veneto\/wp-json\/wp\/v2\/posts\/29796\/revisions"}],"predecessor-version":[{"id":29901,"href":"https:\/\/comitati.fisi.org\/veneto\/wp-json\/wp\/v2\/posts\/29796\/revisions\/29901"}],"wp:featuredmedia":[{"embeddable":true,"href":"https:\/\/comitati.fisi.org\/veneto\/wp-json\/wp\/v2\/media\/29798"}],"wp:attachment":[{"href":"https:\/\/comitati.fisi.org\/veneto\/wp-json\/wp\/v2\/media?parent=29796"}],"wp:term":[{"taxonomy":"category","embeddable":true,"href":"https:\/\/comitati.fisi.org\/veneto\/wp-json\/wp\/v2\/categories?post=29796"},{"taxonomy":"post_tag","embeddable":true,"href":"https:\/\/comitati.fisi.org\/veneto\/wp-json\/wp\/v2\/tags?post=29796"}],"curies":[{"name":"wp","href":"https:\/\/api.w.org\/{rel}","templated":true}]}}