{"id":29793,"date":"2025-09-03T07:43:32","date_gmt":"2025-09-03T07:43:32","guid":{"rendered":"https:\/\/comitati.fisi.org\/veneto\/?p=29793"},"modified":"2025-09-03T07:45:04","modified_gmt":"2025-09-03T07:45:04","slug":"bob-e-skeleton-sedici-nazioni-al-via-dei-mondiali-di-cortina","status":"publish","type":"post","link":"https:\/\/comitati.fisi.org\/veneto\/blog\/2025\/09\/03\/bob-e-skeleton-sedici-nazioni-al-via-dei-mondiali-di-cortina\/","title":{"rendered":"Bob e skeleton, sedici nazioni al via dei Mondiali di Cortina"},"content":{"rendered":"\n<p>\u00c8 iniziato il conto alla rovescia per il Campionato del mondo estivo di bob e skeleton a Cortina d\u2019Ampezzo. L\u2019evento, ospitato per la prima volta nella Conca, \u00e8 in programma per l\u201911 e il 12 settembre prossimi al centro sportivo di Fiames e, nello specifico, sulla rinnovata struttura del pistino di spinta intitolato a Renzo Alver\u00e0.<br>La manifestazione \u00e8 proposta in sinergia da Fondazione Cortina, la realt\u00e0 organizzatrice dei grandi eventi sportivi ampezzani, e Bob Club Cortina, storico sodalizio che ha fatto crescere generazioni di atleti e proposto diverse manifestazioni di carattere internazionale.<\/p>\n\n\n\n<p>I campionati estivi di bob e skeleton sono dedicati alla spinta: si tratta cio\u00e8 di una competizione nella quale gli atleti spingono il mezzo su una pista artificiale, senza ghiaccio, e si impongono coloro che realizzano, appunto, il miglior tempo di spinta. Le gare di Cortina d\u2019Ampezzo, che saranno valide anche per l\u2019assegnazione dei titoli italiani, vedranno al via sedici nazioni: oltre all\u2019Italia, saranno protagoniste Austria, Croazia, Repubblica Ceca, Spagna. Francia, Germania, Ghana, Liechtenstein, Nigeria, Polonia, Portogallo, Romania, Svizzera, Slovacchia e Taipei.<\/p>\n\n\n\n<p>\u201cDopo aver ospitato tante edizioni dei campionati italiani, siamo orgogliosi di ospitare per la prima volta in Ampezzo, insieme a Fondazione Cortina, la rassegna iridata\u201d sottolinea Gianfranco Rezzadore, presidente del Bob Club Cortina. \u201cIl pistino di spinta \u201cRenzo Alver\u00e0\u201d \u00e8 stato completamente rinnovato ed \u00e8 ora in condizioni ideali per le gare tricolori e iridate di settembre oltre che per gli allenamenti \u201ca secco\u201d degli atleti. Si tratta di una struttura fondamentale per la preparazione estiva di bobbisti e skeletonisti\u201d.<\/p>\n\n\n\n<p>Il programma prevede per gioved\u00ec 11 settembre gli allenamenti ufficiali (liberi al mattino, ufficiali nel pomeriggio) e per gioved\u00ec 12, a partire dalle 14, le competizioni: verranno assegnati i titoli mondiali e italiani di bob a due maschile, bob a quattro maschile, monobob femminile, bob a due femminile, skeleton maschile e skeleton femminile.<\/p>\n","protected":false},"excerpt":{"rendered":"<p>La manifestazione \u00e8 proposta da Bob club Cortina e Fondazione Cortina<\/p>\n","protected":false},"author":33,"featured_media":22330,"comment_status":"open","ping_status":"open","sticky":false,"template":"","format":"standard","meta":{"_acf_changed":false,"footnotes":""},"categories":[9,151,135,58,14,15,3,6],"tags":[376,1026],"acf":[],"_links":{"self":[{"href":"https:\/\/comitati.fisi.org\/veneto\/wp-json\/wp\/v2\/posts\/29793"}],"collection":[{"href":"https:\/\/comitati.fisi.org\/veneto\/wp-json\/wp\/v2\/posts"}],"about":[{"href":"https:\/\/comitati.fisi.org\/veneto\/wp-json\/wp\/v2\/types\/post"}],"author":[{"embeddable":true,"href":"https:\/\/comitati.fisi.org\/veneto\/wp-json\/wp\/v2\/users\/33"}],"replies":[{"embeddable":true,"href":"https:\/\/comitati.fisi.org\/veneto\/wp-json\/wp\/v2\/comments?post=29793"}],"version-history":[{"count":2,"href":"https:\/\/comitati.fisi.org\/veneto\/wp-json\/wp\/v2\/posts\/29793\/revisions"}],"predecessor-version":[{"id":29795,"href":"https:\/\/comitati.fisi.org\/veneto\/wp-json\/wp\/v2\/posts\/29793\/revisions\/29795"}],"wp:featuredmedia":[{"embeddable":true,"href":"https:\/\/comitati.fisi.org\/veneto\/wp-json\/wp\/v2\/media\/22330"}],"wp:attachment":[{"href":"https:\/\/comitati.fisi.org\/veneto\/wp-json\/wp\/v2\/media?parent=29793"}],"wp:term":[{"taxonomy":"category","embeddable":true,"href":"https:\/\/comitati.fisi.org\/veneto\/wp-json\/wp\/v2\/categories?post=29793"},{"taxonomy":"post_tag","embeddable":true,"href":"https:\/\/comitati.fisi.org\/veneto\/wp-json\/wp\/v2\/tags?post=29793"}],"curies":[{"name":"wp","href":"https:\/\/api.w.org\/{rel}","templated":true}]}}