{"id":29783,"date":"2025-08-28T16:14:00","date_gmt":"2025-08-28T16:14:00","guid":{"rendered":"https:\/\/comitati.fisi.org\/veneto\/?p=29783"},"modified":"2025-08-28T16:16:57","modified_gmt":"2025-08-28T16:16:57","slug":"svelate-le-torce-olimpiche-a-longarone","status":"publish","type":"post","link":"https:\/\/comitati.fisi.org\/veneto\/blog\/2025\/08\/28\/svelate-le-torce-olimpiche-a-longarone\/","title":{"rendered":"Svelate le torce olimpiche a Longarone"},"content":{"rendered":"\n<p>\u201cOggi a Longarone abbiamo avuto l\u2019onore di presentare ufficialmente al Veneto le torce olimpica e paralimpica di Milano-Cortina 2026. Un momento che non \u00e8 solo simbolico, ma rappresenta l\u2019inizio concreto di un cammino che segna come le Olimpiadi stiano cambiando, adattandosi ai tempi e diventando occasione di crescita per interi territori.\u201d<\/p>\n\n\n\n<p>Lo ha dichiarato il Presidente della Regione del Veneto<strong>\u00a0<\/strong>Luca Zaia, nel corso della cerimonia di apertura della mostra immersiva \u201cSport e Montagna tra Tradizione e Innovazione. Cortina d\u2019Ampezzo. Le due Olimpiadi\u201d alla Fiera di Longarone, davanti alla stampa e a tutti gli stakeholder bellunesi coinvolti nella preparazione dei Giochi.<\/p>\n\n\n\n<p>Le torce, denominate Essential per la loro linea pulita ed essenziale, sono state ideate dallo Studio Carlo Ratti Associati e realizzate da Eni con Versalis e Cavagna Group. La torcia Olimpica \u00e8 caratterizzata da sfumature verdi e blu, quella Paralimpica da toni bronzei, entrambe con finiture riflettenti e cangianti che evocano il movimento e l\u2019energia dello sport. Accanto a loro, oggi, la torcia originale di Cortina 1956: due epoche a confronto, unite da un medesimo filo rosso fatto di passione sportiva, comunit\u00e0 e futuro.<\/p>\n\n\n\n<p>Zaia ha quindi spiegato come i Giochi del 2026 si distinguano per l\u2019approccio innovativo: \u201cLe Olimpiadi stanno cambiando \u2013 ha sottolineato \u2013 e insieme a loro cambia anche il territorio che le ospita. A Cortina nel 1956 furono i Giochi della rinascita, oggi saranno i Giochi della sostenibilit\u00e0 e dell\u2019innovazione. Non solo competizioni: stiamo portando avanti tantissimi progetti, sia infrastrutturali che relativi alle sedi di gara, che resteranno come eredit\u00e0 per il futuro. Stiamo rinnovando, ringiovanendo e dando nuove prospettive alle generazioni che vivono la montagna e che la vivranno nei prossimi decenni.\u201d<\/p>\n\n\n\n<p>Il Presidente ha concluso ricordando il valore sociale e identitario dell\u2019evento: \u201cNon \u00e8 un caso che questo percorso sia partito da Longarone, territorio dolomitico bellunese che rappresenta la porta di accesso a Cortina. Le Olimpiadi non sono soltanto sport, ma un investimento di orgoglio e di identit\u00e0. Sono una spinta formidabile che coinvolge l\u2019intera comunit\u00e0 delle nostre terre alte, che vedono riconosciuta la loro centralit\u00e0 e la loro bellezza. \u00c8 un\u2019occasione di sviluppo, di cultura e di turismo che cambier\u00e0 la storia del Veneto e delle Dolomiti, lasciando un patrimonio che rimarr\u00e0 a disposizione delle prossime generazioni.\u201d<\/p>\n\n\n\n<p><em>nota stampa Regione Veneto<\/em><\/p>\n\n\n\n<p>credito fotografico Fondazione Cortina<\/p>\n","protected":false},"excerpt":{"rendered":"<p>Il presidente del Veneto Luca Zaia: \u201cUn momento che non \u00e8 solo simbolico, ma rappresenta l\u2019inizio concreto di un cammino che segna come le Olimpiadi stiano cambiando, adattandosi ai tempi e diventando occasione di crescita per interi territori.\u201d<\/p>\n","protected":false},"author":33,"featured_media":29784,"comment_status":"open","ping_status":"open","sticky":false,"template":"","format":"standard","meta":{"_acf_changed":false,"footnotes":""},"categories":[9,14,15,7],"tags":[439],"acf":[],"_links":{"self":[{"href":"https:\/\/comitati.fisi.org\/veneto\/wp-json\/wp\/v2\/posts\/29783"}],"collection":[{"href":"https:\/\/comitati.fisi.org\/veneto\/wp-json\/wp\/v2\/posts"}],"about":[{"href":"https:\/\/comitati.fisi.org\/veneto\/wp-json\/wp\/v2\/types\/post"}],"author":[{"embeddable":true,"href":"https:\/\/comitati.fisi.org\/veneto\/wp-json\/wp\/v2\/users\/33"}],"replies":[{"embeddable":true,"href":"https:\/\/comitati.fisi.org\/veneto\/wp-json\/wp\/v2\/comments?post=29783"}],"version-history":[{"count":2,"href":"https:\/\/comitati.fisi.org\/veneto\/wp-json\/wp\/v2\/posts\/29783\/revisions"}],"predecessor-version":[{"id":29787,"href":"https:\/\/comitati.fisi.org\/veneto\/wp-json\/wp\/v2\/posts\/29783\/revisions\/29787"}],"wp:featuredmedia":[{"embeddable":true,"href":"https:\/\/comitati.fisi.org\/veneto\/wp-json\/wp\/v2\/media\/29784"}],"wp:attachment":[{"href":"https:\/\/comitati.fisi.org\/veneto\/wp-json\/wp\/v2\/media?parent=29783"}],"wp:term":[{"taxonomy":"category","embeddable":true,"href":"https:\/\/comitati.fisi.org\/veneto\/wp-json\/wp\/v2\/categories?post=29783"},{"taxonomy":"post_tag","embeddable":true,"href":"https:\/\/comitati.fisi.org\/veneto\/wp-json\/wp\/v2\/tags?post=29783"}],"curies":[{"name":"wp","href":"https:\/\/api.w.org\/{rel}","templated":true}]}}