{"id":29778,"date":"2025-08-28T14:24:10","date_gmt":"2025-08-28T14:24:10","guid":{"rendered":"https:\/\/comitati.fisi.org\/veneto\/?p=29778"},"modified":"2025-08-28T14:34:07","modified_gmt":"2025-08-28T14:34:07","slug":"sci-derba-nicolo-pettini-sfiora-la-top-ten-superg-iridato","status":"publish","type":"post","link":"https:\/\/comitati.fisi.org\/veneto\/blog\/2025\/08\/28\/sci-derba-nicolo-pettini-sfiora-la-top-ten-superg-iridato\/","title":{"rendered":"Sci d&#8217;erba, Nicol\u00f2 Pettini sfiora la top assoluta ten superG iridato"},"content":{"rendered":"\n<p>Terza giornata di gare oggi in Repubblica Ceca per il Campionato del mondo assoluto e Junior di sci d&#8217;erba. A <strong>St\u00edtn\u00e1 nad Vl\u00e1r\u00ed<\/strong> si \u00e8 disputato il superG: una gara per l&#8217;ambito assoluto e una per l&#8217;ambito Junior. A livello assoluto l&#8217;Italia festeggia un altro oro con Andrea Iori: per il trentino \u00e8 il secondo titolo iridato dopo quello del gigante d&#8217;apertura. Top ten sfiorata per Nicol\u00f2 Pettini: il trevigiano dello Ski College Veneto di Falcade ha chiuso 11.mo. Rispettivamente 17.mo e 27.mo Michael Bertagno e Roberto Cerentin. Tra le donne, vittoria della padrona di casa Eliska Rejchrtova, con Lisa Anastasia Lucchese ottava e Margherita Mazzoncini 15.ma.<\/p>\n\n\n\n<p>Nel superG Juniores, dove Iori ha vinto l&#8217;argento, 5. Bertagno, 8. Pettini e 15. Cerentin. Tra le ragazze (vittoria dell&#8217;austriaca Lara Teynor), 6. Lucchese. <\/p>\n\n\n\n<p><a href=\"https:\/\/www.fis-ski.com\/DB\/general\/event-details.html?sectorcode=GS&amp;eventid=57859&amp;seasoncode=2026\">RISULTATI<\/a><\/p>\n","protected":false},"excerpt":{"rendered":"<p>Quinto posto Junior per Michael Bertagno<\/p>\n","protected":false},"author":33,"featured_media":29782,"comment_status":"open","ping_status":"open","sticky":false,"template":"","format":"standard","meta":{"_acf_changed":false,"footnotes":""},"categories":[9,135,13,14,15,3,5,6],"tags":[248,114,249,250,251],"acf":[],"_links":{"self":[{"href":"https:\/\/comitati.fisi.org\/veneto\/wp-json\/wp\/v2\/posts\/29778"}],"collection":[{"href":"https:\/\/comitati.fisi.org\/veneto\/wp-json\/wp\/v2\/posts"}],"about":[{"href":"https:\/\/comitati.fisi.org\/veneto\/wp-json\/wp\/v2\/types\/post"}],"author":[{"embeddable":true,"href":"https:\/\/comitati.fisi.org\/veneto\/wp-json\/wp\/v2\/users\/33"}],"replies":[{"embeddable":true,"href":"https:\/\/comitati.fisi.org\/veneto\/wp-json\/wp\/v2\/comments?post=29778"}],"version-history":[{"count":2,"href":"https:\/\/comitati.fisi.org\/veneto\/wp-json\/wp\/v2\/posts\/29778\/revisions"}],"predecessor-version":[{"id":29781,"href":"https:\/\/comitati.fisi.org\/veneto\/wp-json\/wp\/v2\/posts\/29778\/revisions\/29781"}],"wp:featuredmedia":[{"embeddable":true,"href":"https:\/\/comitati.fisi.org\/veneto\/wp-json\/wp\/v2\/media\/29782"}],"wp:attachment":[{"href":"https:\/\/comitati.fisi.org\/veneto\/wp-json\/wp\/v2\/media?parent=29778"}],"wp:term":[{"taxonomy":"category","embeddable":true,"href":"https:\/\/comitati.fisi.org\/veneto\/wp-json\/wp\/v2\/categories?post=29778"},{"taxonomy":"post_tag","embeddable":true,"href":"https:\/\/comitati.fisi.org\/veneto\/wp-json\/wp\/v2\/tags?post=29778"}],"curies":[{"name":"wp","href":"https:\/\/api.w.org\/{rel}","templated":true}]}}