{"id":29761,"date":"2025-08-26T14:49:33","date_gmt":"2025-08-26T14:49:33","guid":{"rendered":"https:\/\/comitati.fisi.org\/veneto\/?p=29761"},"modified":"2025-08-26T15:10:32","modified_gmt":"2025-08-26T15:10:32","slug":"golf-race-le-leggende-dello-sport-edizione-record-con-runggaldier-edalini-e-mair","status":"publish","type":"post","link":"https:\/\/comitati.fisi.org\/veneto\/blog\/2025\/08\/26\/golf-race-le-leggende-dello-sport-edizione-record-con-runggaldier-edalini-e-mair\/","title":{"rendered":"Golf Race \u2013 Le Leggende dello Sport, edizione record con Runggaldier, Edalini e Mair"},"content":{"rendered":"\n<p>Numeri da record per l\u2019edizione 2025 di Golf Race \u2013 Le Leggende dello Sport, gara promozionale 9 buche che \u00e8 stata proposta nel fine settimana dallo Sci club Drusci\u00e9 Cortina. Nella giornata di sabato 23 agosto, infatti, sul green del Golf Club Cortina i partecipanti sono stati 85, numero mai finora registrato per l\u2019iniziativa proposta dal sodalizio presieduto da Flavio Alberti.<\/p>\n\n\n\n<p>\u00abSiamo davvero soddisfatti di questa partecipazione a un evento che \u00e8 un punto fermo della nostra attivit\u00e0 e che \u00e8 un\u2019occasione per ritrovarsi insieme a tanti protagonisti degli sport invernali\u00bb sottolinea Alberti. \u00abQuest\u2019anno l\u2019ospite d\u2019onore \u00e8 stato Peter Runggaldier (<em>nella foto di Filippo Forner<\/em>) ma con l\u2019ex velocista della Val Gardena sono arrivati anche altri due ex azzurri, Michael \u201cMuch\u201d Mair e Ivano Edalini: insieme, i tre hanno totalizzato 31 podi di Coppa del Mondo\u00bb.<\/p>\n\n\n\n<p>\u00abCome consuetudine, Golf Race \u2013 Le Leggende dello Sport \u00e8 stata anche un\u2019opportunit\u00e0 per promuovere la donazione del midollo osseo, nel ricordo dell&#8217;ex allenatore Andrea Puicher Soravia\u00bb dice ancora Alberti. \u00abLo abbiamo fatto insieme gli amici di Admo Belluno, nella convinzione che lo sport sia non solamente agonismo ma anche un\u2019occasione di attenzione agli altri e di solidariet\u00e0\u00bb.<\/p>\n\n\n\n<p>Queste le classifiche<\/p>\n\n\n\n<p><strong>Prima categoria<\/strong><\/p>\n\n\n\n<p>Primo classificato lordo: Fabrizio Marzilli 19 punti<\/p>\n\n\n\n<p>Primo classificato netto: Lorenzo Rebecchini 21 punti<\/p>\n\n\n\n<p>Secondo classificato netto: Nicol\u00f2 De Leonardis 20 punti<\/p>\n\n\n\n<p>Terzo classificato netto: Michael Mair 20 punti<\/p>\n\n\n\n<p><strong>Seconda categoria<\/strong><\/p>\n\n\n\n<p>Primo classificato netto: Laura Salviato 26 punti<\/p>\n\n\n\n<p>Secondo classificato netto: Irene Ersilia Bosio 24 punti<\/p>\n\n\n\n<p>Terzo classificato netto: Tiziana Pivotti 21 punti<\/p>\n\n\n\n<p><strong>Terza categoria<\/strong><\/p>\n\n\n\n<p>Primo classificato netto: Alberto Cusanno 23 punti<\/p>\n\n\n\n<p>Secondo classificato netto: Massimo Fuzzi 22 punti<\/p>\n\n\n\n<p>Terzo classificato netto: Carlo Dipol 22 punti<\/p>\n\n\n\n<p><strong>Premi speciali<\/strong><\/p>\n\n\n\n<p>Prima classificata Lady Nicoletta Gandini 21 punti<\/p>\n\n\n\n<p>Nearest to the pin buca 7 femminile Irene Ersilia Bosio<\/p>\n\n\n\n<p>Nearest to the pin buca 7 maschile Walter Wedam<\/p>\n\n\n\n<p>Driving contest maschile Alessio Pecori<\/p>\n\n\n\n<p>Driving contest femminile Maddalena Passi e Irene Ersilia Bosio<\/p>\n\n\n\n<p><br>Qualche giorno fa, lo Sci club Drusci\u00e9 aveva proposto il Bioma Padel Trophy, il torneo di padel disputato nella giornata di sabato 16 agosto al Tennis Apollonio di Cortina, con in lizza squadre maschili e miste. Il torneo maschile ha visto la vittoria della squadra formata da Enrico Dimai e Nicol\u00f2 Chemello che in finale hanno avuto la meglio su Nicholas Dimroci e Nicola Menardi. Tra le coppie miste a spuntarla sono stati Giuseppe Alessi e Carlotta Abruzzese che nella partita decisiva hanno battuto Ernesto De Mattia e Alice Caporilli.<\/p>\n\n\n\n<p>Per approfondimenti:&nbsp;&nbsp;<a href=\"https:\/\/www.sciclubdruscie.com\/\" target=\"_blank\" rel=\"noreferrer noopener\">www.sciclubdruscie.com&nbsp;<\/a><\/p>\n","protected":false},"excerpt":{"rendered":"<p>Evento in sinergia con l&#8217;Associazione italiana donatori di midollo osseo, nel ricordo di Andrea Puicher Soravia<\/p>\n","protected":false},"author":33,"featured_media":29762,"comment_status":"open","ping_status":"open","sticky":false,"template":"","format":"standard","meta":{"_acf_changed":false,"footnotes":""},"categories":[14,15,7],"tags":[264,557,1024,1023,1025,147],"acf":[],"_links":{"self":[{"href":"https:\/\/comitati.fisi.org\/veneto\/wp-json\/wp\/v2\/posts\/29761"}],"collection":[{"href":"https:\/\/comitati.fisi.org\/veneto\/wp-json\/wp\/v2\/posts"}],"about":[{"href":"https:\/\/comitati.fisi.org\/veneto\/wp-json\/wp\/v2\/types\/post"}],"author":[{"embeddable":true,"href":"https:\/\/comitati.fisi.org\/veneto\/wp-json\/wp\/v2\/users\/33"}],"replies":[{"embeddable":true,"href":"https:\/\/comitati.fisi.org\/veneto\/wp-json\/wp\/v2\/comments?post=29761"}],"version-history":[{"count":2,"href":"https:\/\/comitati.fisi.org\/veneto\/wp-json\/wp\/v2\/posts\/29761\/revisions"}],"predecessor-version":[{"id":29764,"href":"https:\/\/comitati.fisi.org\/veneto\/wp-json\/wp\/v2\/posts\/29761\/revisions\/29764"}],"wp:featuredmedia":[{"embeddable":true,"href":"https:\/\/comitati.fisi.org\/veneto\/wp-json\/wp\/v2\/media\/29762"}],"wp:attachment":[{"href":"https:\/\/comitati.fisi.org\/veneto\/wp-json\/wp\/v2\/media?parent=29761"}],"wp:term":[{"taxonomy":"category","embeddable":true,"href":"https:\/\/comitati.fisi.org\/veneto\/wp-json\/wp\/v2\/categories?post=29761"},{"taxonomy":"post_tag","embeddable":true,"href":"https:\/\/comitati.fisi.org\/veneto\/wp-json\/wp\/v2\/tags?post=29761"}],"curies":[{"name":"wp","href":"https:\/\/api.w.org\/{rel}","templated":true}]}}