{"id":29666,"date":"2025-05-08T12:13:30","date_gmt":"2025-05-08T12:13:30","guid":{"rendered":"https:\/\/comitati.fisi.org\/veneto\/?p=29666"},"modified":"2025-05-08T12:19:49","modified_gmt":"2025-05-08T12:19:49","slug":"a-cortina-ritorna-la-coppa-del-mondo-di-bob","status":"publish","type":"post","link":"https:\/\/comitati.fisi.org\/veneto\/blog\/2025\/05\/08\/a-cortina-ritorna-la-coppa-del-mondo-di-bob\/","title":{"rendered":"A Cortina ritorna la Coppa del mondo di bob"},"content":{"rendered":"\n<p>Sar\u00e0 Cortina d\u2019Ampezzo ad ospitare il primo appuntamento della stagione 2025\/26 di Coppa del mondo di bob e skeleton Alla pista olimpica, che proprio nelle scorse settimane ha registrato i primi collaudi sul ghiaccio di alcune squadre di bob e slittino, \u00e8 stata assegnata la tappa d\u2019apertura della prossima annata di competizioni, in quanto dovr\u00e0 obbligatoriamente far girare tutte le nazioni che solitamente frequentano il circuito. Proprio a questo proposito \u00e8 stato fissato dal 7 al 16 novembre una settimana di test ufficiali, a cui seguir\u00e0 dal 17 al 22 novembre la tappa ufficiale. La Coppa del mondo torner\u00e0 cos\u00ec a disputarsi sul suolo italiano a distanza di quasi 15 anni dall\u2019ultima occasione, accaduta nel febbraio 2011 a Cesana Pariol.<\/p>\n\n\n\n<p>La settimana successiva (24-30 novembre) sar\u00e0 invece il turno di Igls, mentre dicembre \u00e8 riempito dalle doppie date di Lillehammer: sul catino norvegese si correr\u00e0 dall\u20198 al 14 e dal 15 al 21. Dopo la pausa natalizia si riprende il cammino da Winterberg (29 dicembre al 4 gennaio, cui seguir\u00e0 St. Moritz (dove si assegnano anche i titoli continentali) dal 5 all\u201911 gennaio e Altenberg dal 12 al 18 gennaio. A quel punto arriver\u00e0 la lunga pausa per le gare olimpiche dal 6 al 22 febbraio, la chiusura \u00e8 affidata a Koenigssee dal 2 all\u20198 marzo.<br><\/p>\n\n\n\n<p>Cortina ospiter\u00e0 anche, in due periodi separati, le settimane di allenamenti internazionali, destinati a tutte le nazioni impegnate in coppa. Un primo periodo verr\u00e0 svolto dal 27 ottobre al 3 novembre, mentre il vero e proprio test event si terr\u00e0 dal 24 al 30 novembre. Il mese di dicembre vedr\u00e0 in fila le prime tre tappe (Igls dall\u20191 al 7, Park City dal 9 al 13 e Lake Placid dal 15 al 20), mentre a gennaio sono fissate le gare di Sigulda (dal 29 dicembre al 4 gennaio), Winterberg (dal 5 all\u201911, dove si chiuderanno le qualificazioni per le Olimpiadi), Oberhof (dal 12 al 18) e Koenigssee (dal 19 al 25). Archiviate le medaglie olimpiche, il circuito si avvier\u00e0 verso la fine con St. Moritz (dal 23 febbraio all\u20191 marzo) e Altenberg (dal 2 all\u20198 marzo).<\/p>\n","protected":false},"excerpt":{"rendered":"<p>Appuntamento dal 17 al 22 novembre <\/p>\n","protected":false},"author":33,"featured_media":29667,"comment_status":"open","ping_status":"open","sticky":false,"template":"","format":"standard","meta":{"_acf_changed":false,"footnotes":""},"categories":[151,10,62,14,15],"tags":[],"acf":[],"_links":{"self":[{"href":"https:\/\/comitati.fisi.org\/veneto\/wp-json\/wp\/v2\/posts\/29666"}],"collection":[{"href":"https:\/\/comitati.fisi.org\/veneto\/wp-json\/wp\/v2\/posts"}],"about":[{"href":"https:\/\/comitati.fisi.org\/veneto\/wp-json\/wp\/v2\/types\/post"}],"author":[{"embeddable":true,"href":"https:\/\/comitati.fisi.org\/veneto\/wp-json\/wp\/v2\/users\/33"}],"replies":[{"embeddable":true,"href":"https:\/\/comitati.fisi.org\/veneto\/wp-json\/wp\/v2\/comments?post=29666"}],"version-history":[{"count":3,"href":"https:\/\/comitati.fisi.org\/veneto\/wp-json\/wp\/v2\/posts\/29666\/revisions"}],"predecessor-version":[{"id":29670,"href":"https:\/\/comitati.fisi.org\/veneto\/wp-json\/wp\/v2\/posts\/29666\/revisions\/29670"}],"wp:featuredmedia":[{"embeddable":true,"href":"https:\/\/comitati.fisi.org\/veneto\/wp-json\/wp\/v2\/media\/29667"}],"wp:attachment":[{"href":"https:\/\/comitati.fisi.org\/veneto\/wp-json\/wp\/v2\/media?parent=29666"}],"wp:term":[{"taxonomy":"category","embeddable":true,"href":"https:\/\/comitati.fisi.org\/veneto\/wp-json\/wp\/v2\/categories?post=29666"},{"taxonomy":"post_tag","embeddable":true,"href":"https:\/\/comitati.fisi.org\/veneto\/wp-json\/wp\/v2\/tags?post=29666"}],"curies":[{"name":"wp","href":"https:\/\/api.w.org\/{rel}","templated":true}]}}