{"id":29656,"date":"2025-05-06T13:28:03","date_gmt":"2025-05-06T13:28:03","guid":{"rendered":"https:\/\/comitati.fisi.org\/veneto\/?p=29656"},"modified":"2025-05-06T13:28:51","modified_gmt":"2025-05-06T13:28:51","slug":"bob-la-coppa-del-mondo-2025-2026-al-via-da-cortina-dampezzo","status":"publish","type":"post","link":"https:\/\/comitati.fisi.org\/veneto\/blog\/2025\/05\/06\/bob-la-coppa-del-mondo-2025-2026-al-via-da-cortina-dampezzo\/","title":{"rendered":"Bob, la Coppa del Mondo 2025-2026 al via da Cortina d&#8217;Ampezzo"},"content":{"rendered":"\n<p>Sar\u00e0 Cortina d\u2019Ampezzo ad ospitare il primo appuntamento della stagione 2025\/26 di Coppa del mondo. Alla pista olimpica, che proprio nelle scorse settimane ha registrato i primi collaudi sul ghiaccio di alcune squadre di bob e slittino, \u00e8 stata assegnata la tappa d\u2019apertura della prossima annata di competizioni, in quanto dovr\u00e0 obbligatoriamente far girare tutte le nazioni che solitamente frequentano il circuito. Proprio a questo proposito \u00e8 stato fissato dal 7 al 16 novembre una settimana di test ufficiali, a cui seguiranno dal 17 al 22 novembre le gare. La Coppa del mondo torner\u00e0 cos\u00ec a disputarsi sul suolo italiano a distanza di 15 anni dall\u2019ultima occasione, accaduta nel febbraio 2011 a Cesana Pariol.<\/p>\n\n\n\n<p>La settimana successiva (24-30 novembre) sar\u00e0 invece il turno di Igls, mentre dicembre \u00e8 riempito dalle doppie date di Lillehammer: sul catino norvegese si correr\u00e0 dall\u20198 al 14 e dal 15 al 21. Dopo la pausa natalizia si riprende il cammino da Winterberg (29 dicembre al 4 gennaio, cui seguir\u00e0 St. Moritz (dove si assegnano anche i titoli continentali) dal 5 all\u201911 gennaio e Altenberg dal 12 al 18 gennaio. A quel punto arriver\u00e0 la lunga pausa per le gare olimpiche dal 6 al 22 febbraio, la chiusura \u00e8 affidata a Koenigssee dal 2 all\u20198 marzo.<\/p>\n\n\n\n<p><em>foto credito Pentaphoto<\/em><\/p>\n","protected":false},"excerpt":{"rendered":"<p>Appuntamento dal 17 al 22 novembre<\/p>\n","protected":false},"author":33,"featured_media":10283,"comment_status":"open","ping_status":"open","sticky":false,"template":"","format":"standard","meta":{"_acf_changed":false,"footnotes":""},"categories":[151,10],"tags":[],"acf":[],"_links":{"self":[{"href":"https:\/\/comitati.fisi.org\/veneto\/wp-json\/wp\/v2\/posts\/29656"}],"collection":[{"href":"https:\/\/comitati.fisi.org\/veneto\/wp-json\/wp\/v2\/posts"}],"about":[{"href":"https:\/\/comitati.fisi.org\/veneto\/wp-json\/wp\/v2\/types\/post"}],"author":[{"embeddable":true,"href":"https:\/\/comitati.fisi.org\/veneto\/wp-json\/wp\/v2\/users\/33"}],"replies":[{"embeddable":true,"href":"https:\/\/comitati.fisi.org\/veneto\/wp-json\/wp\/v2\/comments?post=29656"}],"version-history":[{"count":2,"href":"https:\/\/comitati.fisi.org\/veneto\/wp-json\/wp\/v2\/posts\/29656\/revisions"}],"predecessor-version":[{"id":29658,"href":"https:\/\/comitati.fisi.org\/veneto\/wp-json\/wp\/v2\/posts\/29656\/revisions\/29658"}],"wp:featuredmedia":[{"embeddable":true,"href":"https:\/\/comitati.fisi.org\/veneto\/wp-json\/wp\/v2\/media\/10283"}],"wp:attachment":[{"href":"https:\/\/comitati.fisi.org\/veneto\/wp-json\/wp\/v2\/media?parent=29656"}],"wp:term":[{"taxonomy":"category","embeddable":true,"href":"https:\/\/comitati.fisi.org\/veneto\/wp-json\/wp\/v2\/categories?post=29656"},{"taxonomy":"post_tag","embeddable":true,"href":"https:\/\/comitati.fisi.org\/veneto\/wp-json\/wp\/v2\/tags?post=29656"}],"curies":[{"name":"wp","href":"https:\/\/api.w.org\/{rel}","templated":true}]}}