{"id":29618,"date":"2025-04-15T16:43:45","date_gmt":"2025-04-15T16:43:45","guid":{"rendered":"https:\/\/comitati.fisi.org\/veneto\/?p=29618"},"modified":"2025-05-15T14:35:21","modified_gmt":"2025-05-15T14:35:21","slug":"il-18-maggio-a-vittorio-veneto-lassemblea-straordinaria-elettiva-del-comitato","status":"publish","type":"post","link":"https:\/\/comitati.fisi.org\/veneto\/blog\/2025\/04\/15\/il-18-maggio-a-vittorio-veneto-lassemblea-straordinaria-elettiva-del-comitato\/","title":{"rendered":"Il 18 maggio a Vittorio Veneto l&#8217;assemblea straordinaria elettiva del comitato"},"content":{"rendered":"\n<p>A norma di Statuto Federale \u2013 approvato con deliberazione Giunta Nazionale CONI n. 279 del 15.09.2022 \u2013 e Regolamento Organico Federale \u2013 approvato del Deliberazione della Giunta Nazionale CONI 161 del 27 maggio 2022 \u2013 \u00e8 convocata l&#8217;assemblea regionale straordinaria elettiva 2025 del nostro comitato, assemblea che si svolger\u00e0 il giorno 18 maggio 2025 a Vittorio Veneto (Treviso), in localit\u00e0 Ceneda presso l\u2019Aula Magna del Collegio San Giuseppe in Via Del Fante 231, in prima convocazione alle ore 9.00 e in seconda convocazione alle ore 10.30.<\/p>\n\n\n\n<p><strong>In allegato tutta la documentazione relativa e le candidature pervenute<\/strong><\/p>\n\n\n\n<div data-wp-interactive=\"core\/file\" class=\"wp-block-file\"><object data-wp-bind--hidden=\"!state.hasPdfPreview\"  class=\"wp-block-file__embed\" data=\"https:\/\/comitati.fisi.org\/veneto\/wp-content\/uploads\/sites\/39\/2025\/05\/Candidature-2025.pdf\" type=\"application\/pdf\" style=\"width:100%;height:600px\" aria-label=\"Incorporamento di Candidature-2025.\"><\/object><a id=\"wp-block-file--media-85602a59-bf82-4eff-8cb4-40daf8f620e5\" href=\"https:\/\/comitati.fisi.org\/veneto\/wp-content\/uploads\/sites\/39\/2025\/05\/Candidature-2025.pdf\">Candidature-2025<\/a><a href=\"https:\/\/comitati.fisi.org\/veneto\/wp-content\/uploads\/sites\/39\/2025\/05\/Candidature-2025.pdf\" class=\"wp-block-file__button wp-element-button\" download aria-describedby=\"wp-block-file--media-85602a59-bf82-4eff-8cb4-40daf8f620e5\">Download<\/a><\/div>\n\n\n\n<div data-wp-interactive=\"core\/file\" class=\"wp-block-file\"><object data-wp-bind--hidden=\"!state.hasPdfPreview\"  class=\"wp-block-file__embed\" data=\"https:\/\/comitati.fisi.org\/veneto\/wp-content\/uploads\/sites\/39\/2025\/04\/Convocazione-Assemblea-Straordinaria-elettiva_18-maggio-2025.pdf\" type=\"application\/pdf\" style=\"width:100%;height:600px\" aria-label=\"Incorporamento di Convocazione-Assemblea-Straordinaria-elettiva_18-maggio-2025.\"><\/object><a id=\"wp-block-file--media-e9c9a173-8898-4cab-b9f4-6ab760928a25\" href=\"https:\/\/comitati.fisi.org\/veneto\/wp-content\/uploads\/sites\/39\/2025\/04\/Convocazione-Assemblea-Straordinaria-elettiva_18-maggio-2025.pdf\">Convocazione-Assemblea-Straordinaria-elettiva_18-maggio-2025<\/a><a href=\"https:\/\/comitati.fisi.org\/veneto\/wp-content\/uploads\/sites\/39\/2025\/04\/Convocazione-Assemblea-Straordinaria-elettiva_18-maggio-2025.pdf\" class=\"wp-block-file__button wp-element-button\" download aria-describedby=\"wp-block-file--media-e9c9a173-8898-4cab-b9f4-6ab760928a25\">Download<\/a><\/div>\n\n\n\n<div data-wp-interactive=\"core\/file\" class=\"wp-block-file\"><object data-wp-bind--hidden=\"!state.hasPdfPreview\"  class=\"wp-block-file__embed\" data=\"https:\/\/comitati.fisi.org\/veneto\/wp-content\/uploads\/sites\/39\/2025\/04\/ALL_1_Prospetto-voti-per-Assemblea-straordinaria-elettiva-2025.pdf\" type=\"application\/pdf\" style=\"width:100%;height:600px\" aria-label=\"Incorporamento di ALL_1_Prospetto-voti-per-Assemblea-straordinaria-elettiva-2025.\"><\/object><a id=\"wp-block-file--media-86709596-f7e9-4661-b739-51c8dbebdd9a\" href=\"https:\/\/comitati.fisi.org\/veneto\/wp-content\/uploads\/sites\/39\/2025\/04\/ALL_1_Prospetto-voti-per-Assemblea-straordinaria-elettiva-2025.pdf\">ALL_1_Prospetto-voti-per-Assemblea-straordinaria-elettiva-2025<\/a><a href=\"https:\/\/comitati.fisi.org\/veneto\/wp-content\/uploads\/sites\/39\/2025\/04\/ALL_1_Prospetto-voti-per-Assemblea-straordinaria-elettiva-2025.pdf\" class=\"wp-block-file__button wp-element-button\" download aria-describedby=\"wp-block-file--media-86709596-f7e9-4661-b739-51c8dbebdd9a\">Download<\/a><\/div>\n\n\n\n<div class=\"wp-block-file\"><a id=\"wp-block-file--media-0009bb95-b43c-4e8f-bbce-3612a4afd270\" href=\"https:\/\/comitati.fisi.org\/veneto\/wp-content\/uploads\/sites\/39\/2025\/04\/ALL_2_delega-ad-altra-societa.doc\">ALL_2_delega-ad-altra-societa<\/a><a href=\"https:\/\/comitati.fisi.org\/veneto\/wp-content\/uploads\/sites\/39\/2025\/04\/ALL_2_delega-ad-altra-societa.doc\" class=\"wp-block-file__button wp-element-button\" download aria-describedby=\"wp-block-file--media-0009bb95-b43c-4e8f-bbce-3612a4afd270\">Download<\/a><\/div>\n\n\n\n<div class=\"wp-block-file\"><a id=\"wp-block-file--media-32959a24-a9df-4a7a-a78d-871bbf0417c6\" href=\"https:\/\/comitati.fisi.org\/veneto\/wp-content\/uploads\/sites\/39\/2025\/04\/ALL_3_Facsimile-stralcio-Verbale-Consiglio-Direttivo.doc\">ALL_3_Facsimile-stralcio-Verbale-Consiglio-Direttivo<\/a><a href=\"https:\/\/comitati.fisi.org\/veneto\/wp-content\/uploads\/sites\/39\/2025\/04\/ALL_3_Facsimile-stralcio-Verbale-Consiglio-Direttivo.doc\" class=\"wp-block-file__button wp-element-button\" download aria-describedby=\"wp-block-file--media-32959a24-a9df-4a7a-a78d-871bbf0417c6\">Download<\/a><\/div>\n\n\n\n<div class=\"wp-block-file\"><a id=\"wp-block-file--media-c28b0fb4-7267-4cff-8095-4d8c2bb746bf\" href=\"https:\/\/comitati.fisi.org\/veneto\/wp-content\/uploads\/sites\/39\/2025\/04\/ALL_4_Facsimile-dichiarazione-elezione-rappresentante-atleti.doc\">ALL_4_Facsimile-dichiarazione-elezione-rappresentante-atleti<\/a><a href=\"https:\/\/comitati.fisi.org\/veneto\/wp-content\/uploads\/sites\/39\/2025\/04\/ALL_4_Facsimile-dichiarazione-elezione-rappresentante-atleti.doc\" class=\"wp-block-file__button wp-element-button\" download aria-describedby=\"wp-block-file--media-c28b0fb4-7267-4cff-8095-4d8c2bb746bf\">Download<\/a><\/div>\n\n\n\n<div class=\"wp-block-file\"><a id=\"wp-block-file--media-0067f466-9549-42a6-9e33-068784332a44\" href=\"https:\/\/comitati.fisi.org\/veneto\/wp-content\/uploads\/sites\/39\/2025\/04\/ALL_5_Facsimile-dichiarazione-elezione-rappresentante-tecnici.doc\">ALL_5_Facsimile-dichiarazione-elezione-rappresentante-tecnici<\/a><a href=\"https:\/\/comitati.fisi.org\/veneto\/wp-content\/uploads\/sites\/39\/2025\/04\/ALL_5_Facsimile-dichiarazione-elezione-rappresentante-tecnici.doc\" class=\"wp-block-file__button wp-element-button\" download aria-describedby=\"wp-block-file--media-0067f466-9549-42a6-9e33-068784332a44\">Download<\/a><\/div>\n\n\n\n<div class=\"wp-block-file\"><a id=\"wp-block-file--media-6f859b71-152e-471e-80c1-f8bc8858e2ed\" href=\"https:\/\/comitati.fisi.org\/veneto\/wp-content\/uploads\/sites\/39\/2025\/04\/ALL_6._Candidature-cr-ve.docx\">ALL_6._Candidature-cr-ve<\/a><a href=\"https:\/\/comitati.fisi.org\/veneto\/wp-content\/uploads\/sites\/39\/2025\/04\/ALL_6._Candidature-cr-ve.docx\" class=\"wp-block-file__button wp-element-button\" download aria-describedby=\"wp-block-file--media-6f859b71-152e-471e-80c1-f8bc8858e2ed\">Download<\/a><\/div>\n\n\n\n<div data-wp-interactive=\"core\/file\" class=\"wp-block-file\"><object data-wp-bind--hidden=\"!state.hasPdfPreview\"  class=\"wp-block-file__embed\" data=\"https:\/\/comitati.fisi.org\/veneto\/wp-content\/uploads\/sites\/39\/2025\/04\/ALL_7_Statuto-testo-aggiornato_15_09_2022.pdf\" type=\"application\/pdf\" style=\"width:100%;height:600px\" aria-label=\"Incorporamento di ALL_7_Statuto-testo-aggiornato_15_09_2022.\"><\/object><a id=\"wp-block-file--media-4e43dd46-992c-412e-88a4-5377f7953dc6\" href=\"https:\/\/comitati.fisi.org\/veneto\/wp-content\/uploads\/sites\/39\/2025\/04\/ALL_7_Statuto-testo-aggiornato_15_09_2022.pdf\">ALL_7_Statuto-testo-aggiornato_15_09_2022<\/a><a href=\"https:\/\/comitati.fisi.org\/veneto\/wp-content\/uploads\/sites\/39\/2025\/04\/ALL_7_Statuto-testo-aggiornato_15_09_2022.pdf\" class=\"wp-block-file__button wp-element-button\" download aria-describedby=\"wp-block-file--media-4e43dd46-992c-412e-88a4-5377f7953dc6\">Download<\/a><\/div>\n\n\n\n<div data-wp-interactive=\"core\/file\" class=\"wp-block-file\"><object data-wp-bind--hidden=\"!state.hasPdfPreview\"  class=\"wp-block-file__embed\" data=\"https:\/\/comitati.fisi.org\/veneto\/wp-content\/uploads\/sites\/39\/2025\/04\/ALL_8_Regolamento-Organico-Federale.pdf\" type=\"application\/pdf\" style=\"width:100%;height:600px\" aria-label=\"Incorporamento di ALL_8_Regolamento-Organico-Federale.\"><\/object><a id=\"wp-block-file--media-5463c89e-9435-4f79-ab47-fc3dc6a87b11\" href=\"https:\/\/comitati.fisi.org\/veneto\/wp-content\/uploads\/sites\/39\/2025\/04\/ALL_8_Regolamento-Organico-Federale.pdf\">ALL_8_Regolamento-Organico-Federale<\/a><a href=\"https:\/\/comitati.fisi.org\/veneto\/wp-content\/uploads\/sites\/39\/2025\/04\/ALL_8_Regolamento-Organico-Federale.pdf\" class=\"wp-block-file__button wp-element-button\" download aria-describedby=\"wp-block-file--media-5463c89e-9435-4f79-ab47-fc3dc6a87b11\">Download<\/a><\/div>\n\n\n\n<div data-wp-interactive=\"core\/file\" class=\"wp-block-file\"><object data-wp-bind--hidden=\"!state.hasPdfPreview\"  class=\"wp-block-file__embed\" data=\"https:\/\/comitati.fisi.org\/veneto\/wp-content\/uploads\/sites\/39\/2025\/05\/Vademecum-partecipazione-Assemblea-Regionale-FISI-2025.pdf\" type=\"application\/pdf\" style=\"width:100%;height:600px\" aria-label=\"Incorporamento di Vademecum-partecipazione-Assemblea-Regionale-FISI-2025.\"><\/object><a id=\"wp-block-file--media-827cafd2-712b-493f-babe-a1cb18955afc\" href=\"https:\/\/comitati.fisi.org\/veneto\/wp-content\/uploads\/sites\/39\/2025\/05\/Vademecum-partecipazione-Assemblea-Regionale-FISI-2025.pdf\">Vademecum-partecipazione-Assemblea-Regionale-FISI-2025<\/a><a href=\"https:\/\/comitati.fisi.org\/veneto\/wp-content\/uploads\/sites\/39\/2025\/05\/Vademecum-partecipazione-Assemblea-Regionale-FISI-2025.pdf\" class=\"wp-block-file__button wp-element-button\" download aria-describedby=\"wp-block-file--media-827cafd2-712b-493f-babe-a1cb18955afc\">Download<\/a><\/div>\n\n\n\n<div class=\"wp-block-file\"><a id=\"wp-block-file--media-563ff9e9-8a48-4149-8dce-d6119be874f6\" href=\"https:\/\/comitati.fisi.org\/veneto\/wp-content\/uploads\/sites\/39\/2025\/05\/Delega-Dichiarazione-dati-generalita-presidenti.docx\">Delega-Dichiarazione-dati-generalita-presidenti<\/a><a href=\"https:\/\/comitati.fisi.org\/veneto\/wp-content\/uploads\/sites\/39\/2025\/05\/Delega-Dichiarazione-dati-generalita-presidenti.docx\" class=\"wp-block-file__button wp-element-button\" download aria-describedby=\"wp-block-file--media-563ff9e9-8a48-4149-8dce-d6119be874f6\">Download<\/a><\/div>\n","protected":false},"excerpt":{"rendered":"<p>In allegato tutta la documentazione <\/p>\n","protected":false},"author":33,"featured_media":12967,"comment_status":"open","ping_status":"open","sticky":true,"template":"","format":"standard","meta":{"_acf_changed":false,"footnotes":""},"categories":[14,15,3,4,6],"tags":[],"acf":[],"_links":{"self":[{"href":"https:\/\/comitati.fisi.org\/veneto\/wp-json\/wp\/v2\/posts\/29618"}],"collection":[{"href":"https:\/\/comitati.fisi.org\/veneto\/wp-json\/wp\/v2\/posts"}],"about":[{"href":"https:\/\/comitati.fisi.org\/veneto\/wp-json\/wp\/v2\/types\/post"}],"author":[{"embeddable":true,"href":"https:\/\/comitati.fisi.org\/veneto\/wp-json\/wp\/v2\/users\/33"}],"replies":[{"embeddable":true,"href":"https:\/\/comitati.fisi.org\/veneto\/wp-json\/wp\/v2\/comments?post=29618"}],"version-history":[{"count":5,"href":"https:\/\/comitati.fisi.org\/veneto\/wp-json\/wp\/v2\/posts\/29618\/revisions"}],"predecessor-version":[{"id":29675,"href":"https:\/\/comitati.fisi.org\/veneto\/wp-json\/wp\/v2\/posts\/29618\/revisions\/29675"}],"wp:featuredmedia":[{"embeddable":true,"href":"https:\/\/comitati.fisi.org\/veneto\/wp-json\/wp\/v2\/media\/12967"}],"wp:attachment":[{"href":"https:\/\/comitati.fisi.org\/veneto\/wp-json\/wp\/v2\/media?parent=29618"}],"wp:term":[{"taxonomy":"category","embeddable":true,"href":"https:\/\/comitati.fisi.org\/veneto\/wp-json\/wp\/v2\/categories?post=29618"},{"taxonomy":"post_tag","embeddable":true,"href":"https:\/\/comitati.fisi.org\/veneto\/wp-json\/wp\/v2\/tags?post=29618"}],"curies":[{"name":"wp","href":"https:\/\/api.w.org\/{rel}","templated":true}]}}