{"id":29612,"date":"2025-04-13T17:05:58","date_gmt":"2025-04-13T17:05:58","guid":{"rendered":"https:\/\/comitati.fisi.org\/veneto\/?p=29612"},"modified":"2025-04-13T17:07:04","modified_gmt":"2025-04-13T17:07:04","slug":"scialpinismo-alba-de-silvestro-chiude-con-un-podio-la-coppa-del-mondo-2024-2025","status":"publish","type":"post","link":"https:\/\/comitati.fisi.org\/veneto\/blog\/2025\/04\/13\/scialpinismo-alba-de-silvestro-chiude-con-un-podio-la-coppa-del-mondo-2024-2025\/","title":{"rendered":"Scialpinismo, Alba De Silvestro chiude con un podio la Coppa del Mondo 2024-2025"},"content":{"rendered":"\n<p>Anche l\u2019ultima gara della Coppa del Mondo 2024-2025 vede Alba De Silvestro (<em>foto<\/em> <em>archivio credito Maurizio Torri<\/em>) sul podio. Oggi il massimo circuito ha vissuto l\u2019atto finale con l\u2019Individuale di Troms\u00f8 e la ragazza di Padola di Comelico Superiore ha conquistato il terzo posto.<\/p>\n\n\n\n<p>La portacolori del Centro sportivo Esercito, gi\u00e0 terza nel Vertical che gioved\u00ec aveva aperto le finali sulle nevi della Norvegia, ieri \u00e8 stata preceduta dalla francese Axelle Gachet Mollaret e dall\u2019altra transalpina, Emily Harrop. Alle loro spalle De Silvestro ha saputo vincere la sfida per il terzo gradino del podio, allungando nel finale sulle avversarie per tagliare il traguardo con un gap di 2\u201955\u20336 dalla vetta e precedendo l\u2019austriaca Johanna Hiemer e l\u2019altra francese Margot Ravinel. Per Alba si tratta del quarto podio personale in stagione in Coppa del Mondo, a cui si aggiunge l\u2019ulteriore terzo posto raccolto in coppia col marito Michele Boscacci nella staffetta mista di Villars Sur Ollon (Svizzera) ne giorni scorsi.<\/p>\n\n\n\n<p>Il terzo posto permette a De Silvestro di conquistare il podio anche nella classifica finale di specialit\u00e0 con 235 punti, alle spalle delle stesse Gachet Mollaret (400) e Harrop (360), con quest\u2019ultima da tempo gi\u00e0 sicura del successo nella generale. Nella generale sono 1.411 i punti complessivi di Harrop seguita da un\u2019altra francese, Celia Perillat Pessey (834) e dalla spagnola Ana Alonso Rodriguez con 809. Seesta piazza per De Silvestro con 613.<\/p>\n\n\n\n<p>Per quanto riguarda la gara maschile, applausi per l\u2019Italia oggi a Troms\u00f8 con Davide Magnini e Matteo Eydallin a salire sul podio alle spalle dell\u2019elvetico R\u00e9mi Bonnet. Buon 13.mo il vicentino Matteo Sostizzo. <\/p>\n\n\n\n<p>La classifica general3 finale della Coppa del mondo si conclude con il successo finale del francese Thibault Anselmet (980) davanti al belga Maximilien Drion Du Chapois (896) e allo lo stesso Bonnet (800), leader della classifica di specialit\u00e0 a quota 400.<\/p>\n","protected":false},"excerpt":{"rendered":"<p>13. Matteo Sostizzo<\/p>\n","protected":false},"author":33,"featured_media":25888,"comment_status":"open","ping_status":"open","sticky":false,"template":"","format":"standard","meta":{"_acf_changed":false,"footnotes":""},"categories":[9,10,14,15,4,5,39,6],"tags":[],"acf":[],"_links":{"self":[{"href":"https:\/\/comitati.fisi.org\/veneto\/wp-json\/wp\/v2\/posts\/29612"}],"collection":[{"href":"https:\/\/comitati.fisi.org\/veneto\/wp-json\/wp\/v2\/posts"}],"about":[{"href":"https:\/\/comitati.fisi.org\/veneto\/wp-json\/wp\/v2\/types\/post"}],"author":[{"embeddable":true,"href":"https:\/\/comitati.fisi.org\/veneto\/wp-json\/wp\/v2\/users\/33"}],"replies":[{"embeddable":true,"href":"https:\/\/comitati.fisi.org\/veneto\/wp-json\/wp\/v2\/comments?post=29612"}],"version-history":[{"count":2,"href":"https:\/\/comitati.fisi.org\/veneto\/wp-json\/wp\/v2\/posts\/29612\/revisions"}],"predecessor-version":[{"id":29614,"href":"https:\/\/comitati.fisi.org\/veneto\/wp-json\/wp\/v2\/posts\/29612\/revisions\/29614"}],"wp:featuredmedia":[{"embeddable":true,"href":"https:\/\/comitati.fisi.org\/veneto\/wp-json\/wp\/v2\/media\/25888"}],"wp:attachment":[{"href":"https:\/\/comitati.fisi.org\/veneto\/wp-json\/wp\/v2\/media?parent=29612"}],"wp:term":[{"taxonomy":"category","embeddable":true,"href":"https:\/\/comitati.fisi.org\/veneto\/wp-json\/wp\/v2\/categories?post=29612"},{"taxonomy":"post_tag","embeddable":true,"href":"https:\/\/comitati.fisi.org\/veneto\/wp-json\/wp\/v2\/tags?post=29612"}],"curies":[{"name":"wp","href":"https:\/\/api.w.org\/{rel}","templated":true}]}}