{"id":29598,"date":"2025-04-10T14:34:53","date_gmt":"2025-04-10T14:34:53","guid":{"rendered":"https:\/\/comitati.fisi.org\/veneto\/?p=29598"},"modified":"2025-04-10T14:39:07","modified_gmt":"2025-04-10T14:39:07","slug":"scialpinismo-podio-per-de-silvestro-nel-vertical-di-tromso","status":"publish","type":"post","link":"https:\/\/comitati.fisi.org\/veneto\/blog\/2025\/04\/10\/scialpinismo-podio-per-de-silvestro-nel-vertical-di-tromso\/","title":{"rendered":"Scialpinismo, podio per De Silvestro nel vertical di Troms\u00f8"},"content":{"rendered":"\n<p>Alba De Silvestro \u00e8 ancora sul podio in Coppa del Mondo. Oggi, a Troms\u00f8 (Norvegia) nel Vertical che ha aperto le finali della Coppa del Mondo 2024.2025, la comeliana del Centro Sportivo Esercito ha conquistato il terzo posto. A imporsi \u00e8 stata la francese Axelle Gachet Mollaret che dopo 22\u201900\u20332 di gara ha preceduto la connazionale &#8211; dominatrice della stagione &#8211; Emily Harrop, seconda con un distacco di 37\u20335. Per l\u2019alpina di Padola il distacco \u00e8 stato invece di 57\u20339. Nella scia dell\u2019azzurra, quarto e quinto posto per le due austriache Sarah Dreier e Johanna Hiemer, mentre Ilaria Veronese \u00e8 dodicesima a 2\u201932\u20336. Per Alba De Silvestro si tratta del terzo podio stagionale, dopo gli analoghi piazzamenti conquistati nel Vertical di Schladm23.07ing e nell\u2019Individuale della Val Martello. Qualche giorno fa, nella tappa di Villars sur Ollon (Svizzera) era stata terza nella staffetta mista insieme al marito Michele Boscacci.<br>La stagione del vertical si conclude con Harrop vincitrice della classifica di specialit\u00e0 grazie ai 351 punti raccolti, seguita da Gachet Mollaret (300) e De Silvestro (235) che quindi si porta a casa un gran bel terzo posto finale.<br>Per quanto riguarda i maschi, l\u2019elvetico Remi Bonnet non ha invece lasciato scampo alla concorrenza: 18\u201941\u20339 il crono dello svizzero che ha rifilato 15\u20337 al belga Maximilien Drion Du Chapois e 17\u2033 al connazionale Aurelien Gay, con l\u2019austriaco Paul Verbnjak ai piedi del podio davanti all\u2019altro svizzero Thomas Bussard. Ancora una prestazione brillante per il vicentino Matteo Sostizzo, sesto e primo degli azzurri.<br>Bonnet si \u00e8 imposto anche nella classifica finale di specialit\u00e0 con 300 punti davanti a Drion Du Chapois (228) e al francese Thibault Anselmet (198). Sostizzo \u00e8 17.mo con 92 punti.<br>Le finali di Troms\u00f8 proseguono domani con la Sprint per concludersi domani con l\u2019Individuale.<\/p>\n\n\n\n<p><\/p>\n","protected":false},"excerpt":{"rendered":"<p>6. posto per Matteo Sostizzo<\/p>\n","protected":false},"author":33,"featured_media":25863,"comment_status":"open","ping_status":"open","sticky":false,"template":"","format":"standard","meta":{"_acf_changed":false,"footnotes":""},"categories":[9,10,14,15,4,5,39,6],"tags":[53,57],"acf":[],"_links":{"self":[{"href":"https:\/\/comitati.fisi.org\/veneto\/wp-json\/wp\/v2\/posts\/29598"}],"collection":[{"href":"https:\/\/comitati.fisi.org\/veneto\/wp-json\/wp\/v2\/posts"}],"about":[{"href":"https:\/\/comitati.fisi.org\/veneto\/wp-json\/wp\/v2\/types\/post"}],"author":[{"embeddable":true,"href":"https:\/\/comitati.fisi.org\/veneto\/wp-json\/wp\/v2\/users\/33"}],"replies":[{"embeddable":true,"href":"https:\/\/comitati.fisi.org\/veneto\/wp-json\/wp\/v2\/comments?post=29598"}],"version-history":[{"count":2,"href":"https:\/\/comitati.fisi.org\/veneto\/wp-json\/wp\/v2\/posts\/29598\/revisions"}],"predecessor-version":[{"id":29600,"href":"https:\/\/comitati.fisi.org\/veneto\/wp-json\/wp\/v2\/posts\/29598\/revisions\/29600"}],"wp:featuredmedia":[{"embeddable":true,"href":"https:\/\/comitati.fisi.org\/veneto\/wp-json\/wp\/v2\/media\/25863"}],"wp:attachment":[{"href":"https:\/\/comitati.fisi.org\/veneto\/wp-json\/wp\/v2\/media?parent=29598"}],"wp:term":[{"taxonomy":"category","embeddable":true,"href":"https:\/\/comitati.fisi.org\/veneto\/wp-json\/wp\/v2\/categories?post=29598"},{"taxonomy":"post_tag","embeddable":true,"href":"https:\/\/comitati.fisi.org\/veneto\/wp-json\/wp\/v2\/tags?post=29598"}],"curies":[{"name":"wp","href":"https:\/\/api.w.org\/{rel}","templated":true}]}}