{"id":29554,"date":"2025-04-02T10:31:25","date_gmt":"2025-04-02T10:31:25","guid":{"rendered":"https:\/\/comitati.fisi.org\/veneto\/?p=29554"},"modified":"2025-04-02T10:34:23","modified_gmt":"2025-04-02T10:34:23","slug":"lutto-per-fabio-selle","status":"publish","type":"post","link":"https:\/\/comitati.fisi.org\/veneto\/blog\/2025\/04\/02\/lutto-per-fabio-selle\/","title":{"rendered":"Lutto per Fabio Selle"},"content":{"rendered":"\n<p>Un grave lutto ha colpito Fabio Selle, il responsabile tecnico dello sci di fondo del nostro comitato. Nelle ore scorse \u00e8 infatti mancato il pap\u00e0. A Fabio e ai suoi familiari giungano le pi\u00f9 sentite condoglianze da parte del comitato e di tutto lo sci veneto. <\/p>\n","protected":false},"excerpt":{"rendered":"<p>Un grave lutto ha colpito Fabio Selle, il responsabile tecnico dello sci di fondo del nostro comitato. Nelle ore scorse \u00e8 infatti mancato il pap\u00e0. A Fabio e ai suoi familiari giungano le pi\u00f9 sentite condoglianze da parte del comitato e di tutto lo sci veneto.<\/p>\n","protected":false},"author":33,"featured_media":29222,"comment_status":"open","ping_status":"open","sticky":false,"template":"","format":"standard","meta":{"_acf_changed":false,"footnotes":""},"categories":[14,15,5],"tags":[],"acf":[],"_links":{"self":[{"href":"https:\/\/comitati.fisi.org\/veneto\/wp-json\/wp\/v2\/posts\/29554"}],"collection":[{"href":"https:\/\/comitati.fisi.org\/veneto\/wp-json\/wp\/v2\/posts"}],"about":[{"href":"https:\/\/comitati.fisi.org\/veneto\/wp-json\/wp\/v2\/types\/post"}],"author":[{"embeddable":true,"href":"https:\/\/comitati.fisi.org\/veneto\/wp-json\/wp\/v2\/users\/33"}],"replies":[{"embeddable":true,"href":"https:\/\/comitati.fisi.org\/veneto\/wp-json\/wp\/v2\/comments?post=29554"}],"version-history":[{"count":1,"href":"https:\/\/comitati.fisi.org\/veneto\/wp-json\/wp\/v2\/posts\/29554\/revisions"}],"predecessor-version":[{"id":29555,"href":"https:\/\/comitati.fisi.org\/veneto\/wp-json\/wp\/v2\/posts\/29554\/revisions\/29555"}],"wp:featuredmedia":[{"embeddable":true,"href":"https:\/\/comitati.fisi.org\/veneto\/wp-json\/wp\/v2\/media\/29222"}],"wp:attachment":[{"href":"https:\/\/comitati.fisi.org\/veneto\/wp-json\/wp\/v2\/media?parent=29554"}],"wp:term":[{"taxonomy":"category","embeddable":true,"href":"https:\/\/comitati.fisi.org\/veneto\/wp-json\/wp\/v2\/categories?post=29554"},{"taxonomy":"post_tag","embeddable":true,"href":"https:\/\/comitati.fisi.org\/veneto\/wp-json\/wp\/v2\/tags?post=29554"}],"curies":[{"name":"wp","href":"https:\/\/api.w.org\/{rel}","templated":true}]}}