{"id":29519,"date":"2025-03-31T08:24:49","date_gmt":"2025-03-31T08:24:49","guid":{"rendered":"https:\/\/comitati.fisi.org\/veneto\/?p=29519"},"modified":"2025-03-31T09:02:10","modified_gmt":"2025-03-31T09:02:10","slug":"biathlon-bronzo-per-giacomo-cautiero-nella-mass-start-aspiranti-dei-campionati-italiani","status":"publish","type":"post","link":"https:\/\/comitati.fisi.org\/veneto\/blog\/2025\/03\/31\/biathlon-bronzo-per-giacomo-cautiero-nella-mass-start-aspiranti-dei-campionati-italiani\/","title":{"rendered":"Biathlon, bronzo per Giacomo Cautiero nella mass start Aspiranti dei Campionati italiani"},"content":{"rendered":"\n<p>Si \u00e8 conclusa nel fine settimana la stagione 2024-2025 del biathlon nazionale. L&#8217;ultimo atto \u00e8 andato in scena in Val Martello: sabato la staffetta (pi\u00f9 sprint per le categorie assolute), ieri una mass start- Applausi per Giacomo Cautiero: il portacolori dello Sci club Cortina ha infatti conquistato la medaglia di bronzo nella mass start, categoria Aspiranti (under 17).<\/p>\n\n\n\n<div data-wp-interactive=\"core\/file\" class=\"wp-block-file\"><object data-wp-bind--hidden=\"!state.hasPdfPreview\"  class=\"wp-block-file__embed\" data=\"https:\/\/comitati.fisi.org\/veneto\/wp-content\/uploads\/sites\/39\/2025\/03\/CLASSIFICA-U17-M.pdf\" type=\"application\/pdf\" style=\"width:100%;height:600px\" aria-label=\"Incorporamento di CLASSIFICA-U17-M.\"><\/object><a id=\"wp-block-file--media-30a99bff-94f4-4be4-9481-5bf7e309376d\" href=\"https:\/\/comitati.fisi.org\/veneto\/wp-content\/uploads\/sites\/39\/2025\/03\/CLASSIFICA-U17-M.pdf\">CLASSIFICA-U17-M<\/a><a href=\"https:\/\/comitati.fisi.org\/veneto\/wp-content\/uploads\/sites\/39\/2025\/03\/CLASSIFICA-U17-M.pdf\" class=\"wp-block-file__button wp-element-button\" download aria-describedby=\"wp-block-file--media-30a99bff-94f4-4be4-9481-5bf7e309376d\">Download<\/a><\/div>\n\n\n\n<div data-wp-interactive=\"core\/file\" class=\"wp-block-file\"><object data-wp-bind--hidden=\"!state.hasPdfPreview\"  class=\"wp-block-file__embed\" data=\"https:\/\/comitati.fisi.org\/veneto\/wp-content\/uploads\/sites\/39\/2025\/03\/CLASSIFICA-U17-F.pdf\" type=\"application\/pdf\" style=\"width:100%;height:600px\" aria-label=\"Incorporamento di CLASSIFICA-U17-F.\"><\/object><a id=\"wp-block-file--media-a2279731-95cc-4fa5-9fb5-38750335f410\" href=\"https:\/\/comitati.fisi.org\/veneto\/wp-content\/uploads\/sites\/39\/2025\/03\/CLASSIFICA-U17-F.pdf\">CLASSIFICA-U17-F<\/a><a href=\"https:\/\/comitati.fisi.org\/veneto\/wp-content\/uploads\/sites\/39\/2025\/03\/CLASSIFICA-U17-F.pdf\" class=\"wp-block-file__button wp-element-button\" download aria-describedby=\"wp-block-file--media-a2279731-95cc-4fa5-9fb5-38750335f410\">Download<\/a><\/div>\n\n\n\n<div data-wp-interactive=\"core\/file\" class=\"wp-block-file\"><object data-wp-bind--hidden=\"!state.hasPdfPreview\"  class=\"wp-block-file__embed\" data=\"https:\/\/comitati.fisi.org\/veneto\/wp-content\/uploads\/sites\/39\/2025\/03\/CLASSIFICA-U19-F.pdf\" type=\"application\/pdf\" style=\"width:100%;height:600px\" aria-label=\"Incorporamento di CLASSIFICA-U19-F.\"><\/object><a id=\"wp-block-file--media-57f049be-c6e2-4139-99b0-3b49e79f81ca\" href=\"https:\/\/comitati.fisi.org\/veneto\/wp-content\/uploads\/sites\/39\/2025\/03\/CLASSIFICA-U19-F.pdf\">CLASSIFICA-U19-F<\/a><a href=\"https:\/\/comitati.fisi.org\/veneto\/wp-content\/uploads\/sites\/39\/2025\/03\/CLASSIFICA-U19-F.pdf\" class=\"wp-block-file__button wp-element-button\" download aria-describedby=\"wp-block-file--media-57f049be-c6e2-4139-99b0-3b49e79f81ca\">Download<\/a><\/div>\n\n\n\n<div data-wp-interactive=\"core\/file\" class=\"wp-block-file\"><object data-wp-bind--hidden=\"!state.hasPdfPreview\"  class=\"wp-block-file__embed\" data=\"https:\/\/comitati.fisi.org\/veneto\/wp-content\/uploads\/sites\/39\/2025\/03\/CLASSIFICA-U19-M.pdf\" type=\"application\/pdf\" style=\"width:100%;height:600px\" aria-label=\"Incorporamento di CLASSIFICA-U19-M.\"><\/object><a id=\"wp-block-file--media-8407b4e5-9726-4af7-8518-d04dd2d945ed\" href=\"https:\/\/comitati.fisi.org\/veneto\/wp-content\/uploads\/sites\/39\/2025\/03\/CLASSIFICA-U19-M.pdf\">CLASSIFICA-U19-M<\/a><a href=\"https:\/\/comitati.fisi.org\/veneto\/wp-content\/uploads\/sites\/39\/2025\/03\/CLASSIFICA-U19-M.pdf\" class=\"wp-block-file__button wp-element-button\" download aria-describedby=\"wp-block-file--media-8407b4e5-9726-4af7-8518-d04dd2d945ed\">Download<\/a><\/div>\n\n\n\n<div data-wp-interactive=\"core\/file\" class=\"wp-block-file\"><object data-wp-bind--hidden=\"!state.hasPdfPreview\"  class=\"wp-block-file__embed\" data=\"https:\/\/comitati.fisi.org\/veneto\/wp-content\/uploads\/sites\/39\/2025\/03\/CLASSIFICA-SENIOR-M-e-U20-M.pdf\" type=\"application\/pdf\" style=\"width:100%;height:600px\" aria-label=\"Incorporamento di CLASSIFICA-SENIOR-M-e-U20-M.\"><\/object><a id=\"wp-block-file--media-6aadad52-a104-4cbe-a1d6-5998bb990665\" href=\"https:\/\/comitati.fisi.org\/veneto\/wp-content\/uploads\/sites\/39\/2025\/03\/CLASSIFICA-SENIOR-M-e-U20-M.pdf\">CLASSIFICA-SENIOR-M-e-U20-M<\/a><a href=\"https:\/\/comitati.fisi.org\/veneto\/wp-content\/uploads\/sites\/39\/2025\/03\/CLASSIFICA-SENIOR-M-e-U20-M.pdf\" class=\"wp-block-file__button wp-element-button\" download aria-describedby=\"wp-block-file--media-6aadad52-a104-4cbe-a1d6-5998bb990665\">Download<\/a><\/div>\n\n\n\n<div data-wp-interactive=\"core\/file\" class=\"wp-block-file\"><object data-wp-bind--hidden=\"!state.hasPdfPreview\"  class=\"wp-block-file__embed\" data=\"https:\/\/comitati.fisi.org\/veneto\/wp-content\/uploads\/sites\/39\/2025\/03\/CLASSIFICA-SENIOR-F-e-U20-F.pdf\" type=\"application\/pdf\" style=\"width:100%;height:600px\" aria-label=\"Incorporamento di CLASSIFICA-SENIOR-F-e-U20-F.\"><\/object><a id=\"wp-block-file--media-e8c1fc49-f90d-4223-bcc5-1518dd106d69\" href=\"https:\/\/comitati.fisi.org\/veneto\/wp-content\/uploads\/sites\/39\/2025\/03\/CLASSIFICA-SENIOR-F-e-U20-F.pdf\">CLASSIFICA-SENIOR-F-e-U20-F<\/a><a href=\"https:\/\/comitati.fisi.org\/veneto\/wp-content\/uploads\/sites\/39\/2025\/03\/CLASSIFICA-SENIOR-F-e-U20-F.pdf\" class=\"wp-block-file__button wp-element-button\" download aria-describedby=\"wp-block-file--media-e8c1fc49-f90d-4223-bcc5-1518dd106d69\">Download<\/a><\/div>\n\n\n\n<div data-wp-interactive=\"core\/file\" class=\"wp-block-file\"><object data-wp-bind--hidden=\"!state.hasPdfPreview\"  class=\"wp-block-file__embed\" data=\"https:\/\/comitati.fisi.org\/veneto\/wp-content\/uploads\/sites\/39\/2025\/03\/CLASSIFICA-CI-BIATHLON-U19-e-U22-1.pdf\" type=\"application\/pdf\" style=\"width:100%;height:600px\" aria-label=\"Incorporamento di CLASSIFICA-CI-BIATHLON-U19-e-U22-1.\"><\/object><a id=\"wp-block-file--media-a3311d78-8cd5-4ee1-9149-41b4f1d5820e\" href=\"https:\/\/comitati.fisi.org\/veneto\/wp-content\/uploads\/sites\/39\/2025\/03\/CLASSIFICA-CI-BIATHLON-U19-e-U22-1.pdf\">CLASSIFICA-CI-BIATHLON-U19-e-U22-1<\/a><a href=\"https:\/\/comitati.fisi.org\/veneto\/wp-content\/uploads\/sites\/39\/2025\/03\/CLASSIFICA-CI-BIATHLON-U19-e-U22-1.pdf\" class=\"wp-block-file__button wp-element-button\" download aria-describedby=\"wp-block-file--media-a3311d78-8cd5-4ee1-9149-41b4f1d5820e\">Download<\/a><\/div>\n\n\n\n<div data-wp-interactive=\"core\/file\" class=\"wp-block-file\"><object data-wp-bind--hidden=\"!state.hasPdfPreview\"  class=\"wp-block-file__embed\" data=\"https:\/\/comitati.fisi.org\/veneto\/wp-content\/uploads\/sites\/39\/2025\/03\/CLASSIFICA-CI-BIATHLON-U17-1.pdf\" type=\"application\/pdf\" style=\"width:100%;height:600px\" aria-label=\"Incorporamento di CLASSIFICA-CI-BIATHLON-U17-1.\"><\/object><a id=\"wp-block-file--media-7a1a4eb6-68f2-4a1c-a3ab-cc575d6088f2\" href=\"https:\/\/comitati.fisi.org\/veneto\/wp-content\/uploads\/sites\/39\/2025\/03\/CLASSIFICA-CI-BIATHLON-U17-1.pdf\">CLASSIFICA-CI-BIATHLON-U17-1<\/a><a href=\"https:\/\/comitati.fisi.org\/veneto\/wp-content\/uploads\/sites\/39\/2025\/03\/CLASSIFICA-CI-BIATHLON-U17-1.pdf\" class=\"wp-block-file__button wp-element-button\" download aria-describedby=\"wp-block-file--media-7a1a4eb6-68f2-4a1c-a3ab-cc575d6088f2\">Download<\/a><\/div>\n","protected":false},"excerpt":{"rendered":"<p>Si \u00e8 conclusa nel fine settimana la stagione 2024-2025 del biathlon nazionale. L&#8217;ultimo atto \u00e8 andato in scena in Val Martello: sabato la staffetta (pi\u00f9 sprint per le categorie assolute), ieri una mass start- Applausi per Giacomo Cautiero: il portacolori dello Sci club Cortina ha infatti conquistato la medaglia di bronzo nella mass start, categoria Aspiranti (under 17).<\/p>\n","protected":false},"author":33,"featured_media":29521,"comment_status":"open","ping_status":"open","sticky":false,"template":"","format":"standard","meta":{"_acf_changed":false,"footnotes":""},"categories":[9,58,14,15,4,5,6,1],"tags":[],"acf":[],"_links":{"self":[{"href":"https:\/\/comitati.fisi.org\/veneto\/wp-json\/wp\/v2\/posts\/29519"}],"collection":[{"href":"https:\/\/comitati.fisi.org\/veneto\/wp-json\/wp\/v2\/posts"}],"about":[{"href":"https:\/\/comitati.fisi.org\/veneto\/wp-json\/wp\/v2\/types\/post"}],"author":[{"embeddable":true,"href":"https:\/\/comitati.fisi.org\/veneto\/wp-json\/wp\/v2\/users\/33"}],"replies":[{"embeddable":true,"href":"https:\/\/comitati.fisi.org\/veneto\/wp-json\/wp\/v2\/comments?post=29519"}],"version-history":[{"count":4,"href":"https:\/\/comitati.fisi.org\/veneto\/wp-json\/wp\/v2\/posts\/29519\/revisions"}],"predecessor-version":[{"id":29534,"href":"https:\/\/comitati.fisi.org\/veneto\/wp-json\/wp\/v2\/posts\/29519\/revisions\/29534"}],"wp:featuredmedia":[{"embeddable":true,"href":"https:\/\/comitati.fisi.org\/veneto\/wp-json\/wp\/v2\/media\/29521"}],"wp:attachment":[{"href":"https:\/\/comitati.fisi.org\/veneto\/wp-json\/wp\/v2\/media?parent=29519"}],"wp:term":[{"taxonomy":"category","embeddable":true,"href":"https:\/\/comitati.fisi.org\/veneto\/wp-json\/wp\/v2\/categories?post=29519"},{"taxonomy":"post_tag","embeddable":true,"href":"https:\/\/comitati.fisi.org\/veneto\/wp-json\/wp\/v2\/tags?post=29519"}],"curies":[{"name":"wp","href":"https:\/\/api.w.org\/{rel}","templated":true}]}}