{"id":29345,"date":"2025-03-16T15:16:00","date_gmt":"2025-03-16T15:16:00","guid":{"rendered":"https:\/\/comitati.fisi.org\/veneto\/?p=29345"},"modified":"2025-03-16T16:46:23","modified_gmt":"2025-03-16T16:46:23","slug":"fondo-lo-sci-club-val-biois-vince-il-47-grand-prix-lattebusche","status":"publish","type":"post","link":"https:\/\/comitati.fisi.org\/veneto\/blog\/2025\/03\/16\/fondo-lo-sci-club-val-biois-vince-il-47-grand-prix-lattebusche\/","title":{"rendered":"Fondo, lo Sci club Val Biois vince il 47. Grand Prix Lattebusche"},"content":{"rendered":"\n<p>\u00c8 lo Sci club Val Biois a vincere la finale dello sci di fondo del 47.mo Grand Prix Lattebusche, lo storico circuito di Fisi Veneto dedicato allo sci alpino e a allo sci di fondo che vede protagoniste le categorie Baby e Cuccioli (under 10 e under 12) e che rappresenta uno degli eventi pi\u00f9 longevi nel panorama dello sci italiano, celebrando in questa stagione il 47.mo compleanno.<\/p>\n\n\n\n<p>Le gare degli sci stretti si sono svolte, con un meteo tipicamente invernale (freddo e neve ad accompagnare i giovanissimi fondisti) sulla spettacolare pista posta ai 1800 metri di altitudine del Passo Tre Croci allestita dallo Sci club Cortina. Al termine della due giorni di gara (sabato 15 marzo la gimkana in tecnica classica, domenica 16 marzo le prove mass start in tecnica classica) lo Sci club Val Biois si \u00e8 imposto con 602 punti davanti alla Polisportiva Sovramonte (581 punti) e all\u2019Unione Sportiva Valpadola (568 punti). A vincere nelle categorie Baby sono stati la vicentina Alessia Costa (2 A Asiago) e il veronese Enea Perozeni (Sci club Rover\u00e8) mentre i pi\u00f9 veloci nelle categorie Cuccioli sono stati la veronese Anna Massella (Sci club Rover\u00e8) e il bellunese Samuele Ballan (Nordic Sportful).<\/p>\n\n\n\n<p>Per quanto riguarda lo sci alpino, si sono svolte le prime due giornate, dedicate allo skicross (venerd\u00ec 14 marzo), alla Finalina (gigante Baby e Cuccioli, sabato 14 marzo) e allo slalom Cuccioli (sabato 15) mentre non si sono potute svolgere, causa meteo, le gare della Finale di domenica. La neve caduta nelle ore precedenti le gare non garantiva, nonostante gli sforzi dell\u2019organizzazione, la sicurezza dei giovani atleti. Lo Sci club Cortina, insieme al comitato veneto Fisi, \u00e8 al lavoro per cercare una data di recupero.<\/p>\n\n\n\n<p>\u00abInnanzitutto desidero esprimere un sentito ringraziamento a tutti coloro, volontari in primis, che hanno contribuito con impegno e dedizione al buon esito dell\u2019evento, nonostante le difficolt\u00e0 incontrate a causa delle avverse condizioni meteo.&nbsp;Un sentito grazie va a ISTA per aver messo a disposizione non solo i mezzi necessari, ma anche il supporto umano che ha permesso di gestire al meglio l&#8217;intera logistica; grazie anche al Comune di Cortina d\u2019Ampezzo e alla SEAM, il cui supporto \u00e8 stato essenziale, e a Fondazione Cortina, che ha fornito l\u2019attrezzatura per la pista\u00bb afferma Adolfo Menardi, presidente dello Sci club Cortina. \u00abNonostante il meteo inclemente, possiamo dire che i primi due giorni di gara per lo sci alpino sono stati un successo, con un\u2019ottima partecipazione e un clima di sana competizione. Purtroppo oggi le finali del gigante sono state cancellate a causa del maltempo, nonostante gli sforzi profusi da tutti, compreso l\u2019utilizzo di test sale e battipista. La priorit\u00e0 \u00e8 stata quella di tutelare l\u2019incolumit\u00e0 degli atleti. L\u2019intenzione \u00e8 quella di recuperare le gare nel corso della settimana, viste le previsioni meteo favorevoli; stiamo valutando attentamente la fattibilit\u00e0, considerando la complessit\u00e0 dell\u2019organizzazione, ma faremo del nostro meglio per portare a termine l&#8217;evento\u00bb.<\/p>\n\n\n\n<p>\u00abPer quanto riguarda lo sci nordico\u00bb conclude Menardi \u00absiamo felici di poter dire che le gare al Passo Tre Croci si sono svolte regolarmente, nonostante le condizioni non ottimali: un successo che dimostra la grande forza di volont\u00e0 di tutti coloro che hanno preso parte all\u2019organizzazione\u00bb.<\/p>\n\n\n\n<p>\u00abRingrazio lo Sci club Cortina per il grande lavoro profuso in occasione delle Finali del Grand Prix Lattebusche e ringrazio anche tutti gli sci club, i dirigenti, i tecnici e i genitori che, con il loro impegno quotidiano fanno s\u00ec che questi ragazzi possano vivere la loro passione sportiva che non \u00e8 solo un\u2019opportunit\u00e0 per sviluppare le proprie abilit\u00e0 fisiche ma anche un\u2019occasione di crescita personale\u00bb dichiara Stefano Longo, il Vicepresidente federale e Commissario del Comitato Veneto Fisi. \u00ab\u00c8 un vero peccato che non si sia potuta disputare la finale dello sci alpino ma la sicurezza ha la priorit\u00e0 assoluta ed \u00e8 stato giusto fermarsi. Si \u00e8 svolto regolarmente il programma dello sci di fondo ed \u00e8 stato spettacolo vero: bellissimo vedere gli under 10 e gli under 12 sfidarsi al Passo Tre Croci. Credo che dobbiamo investire su questi ragazzi per far s\u00ec che lo sci nordico italiano, che tante soddisfazioni ha dato allo sport azzurro, ritorni ai livelli che gli sono propri\u00bb.<\/p>\n\n\n\n<div data-wp-interactive=\"core\/file\" class=\"wp-block-file\"><object data-wp-bind--hidden=\"!state.hasPdfPreview\"  class=\"wp-block-file__embed\" data=\"https:\/\/comitati.fisi.org\/veneto\/wp-content\/uploads\/sites\/39\/2025\/03\/Classifica-societa-finale-lattebusche-fondo-2025.pdf\" type=\"application\/pdf\" style=\"width:100%;height:600px\" aria-label=\"Incorporamento di Classifica-societa-finale-lattebusche-fondo-2025.\"><\/object><a id=\"wp-block-file--media-07a02543-21d3-4d1b-aa0e-9d1df6c9dc04\" href=\"https:\/\/comitati.fisi.org\/veneto\/wp-content\/uploads\/sites\/39\/2025\/03\/Classifica-societa-finale-lattebusche-fondo-2025.pdf\">Classifica-societa-finale-lattebusche-fondo-2025<\/a><a href=\"https:\/\/comitati.fisi.org\/veneto\/wp-content\/uploads\/sites\/39\/2025\/03\/Classifica-societa-finale-lattebusche-fondo-2025.pdf\" class=\"wp-block-file__button wp-element-button\" download aria-describedby=\"wp-block-file--media-07a02543-21d3-4d1b-aa0e-9d1df6c9dc04\">Download<\/a><\/div>\n\n\n\n<div data-wp-interactive=\"core\/file\" class=\"wp-block-file\"><object data-wp-bind--hidden=\"!state.hasPdfPreview\"  class=\"wp-block-file__embed\" data=\"https:\/\/comitati.fisi.org\/veneto\/wp-content\/uploads\/sites\/39\/2025\/03\/Classifica-ufficiale-finale-lattebusche-fondo-2025.pdf\" type=\"application\/pdf\" style=\"width:100%;height:600px\" aria-label=\"Incorporamento di Classifica-ufficiale-finale-lattebusche-fondo-2025.\"><\/object><a id=\"wp-block-file--media-1f4d0b8e-f77e-4dbb-9357-b80fa1c64393\" href=\"https:\/\/comitati.fisi.org\/veneto\/wp-content\/uploads\/sites\/39\/2025\/03\/Classifica-ufficiale-finale-lattebusche-fondo-2025.pdf\">Classifica-ufficiale-finale-lattebusche-fondo-2025<\/a><a href=\"https:\/\/comitati.fisi.org\/veneto\/wp-content\/uploads\/sites\/39\/2025\/03\/Classifica-ufficiale-finale-lattebusche-fondo-2025.pdf\" class=\"wp-block-file__button wp-element-button\" download aria-describedby=\"wp-block-file--media-1f4d0b8e-f77e-4dbb-9357-b80fa1c64393\">Download<\/a><\/div>\n","protected":false},"excerpt":{"rendered":"<p>Causa meteo annullate le gare dello sci alpino<\/p>\n","protected":false},"author":33,"featured_media":29348,"comment_status":"open","ping_status":"open","sticky":false,"template":"","format":"standard","meta":{"_acf_changed":false,"footnotes":""},"categories":[9,516,14,15,16,4,27,5,6],"tags":[1009,93,61],"acf":[],"_links":{"self":[{"href":"https:\/\/comitati.fisi.org\/veneto\/wp-json\/wp\/v2\/posts\/29345"}],"collection":[{"href":"https:\/\/comitati.fisi.org\/veneto\/wp-json\/wp\/v2\/posts"}],"about":[{"href":"https:\/\/comitati.fisi.org\/veneto\/wp-json\/wp\/v2\/types\/post"}],"author":[{"embeddable":true,"href":"https:\/\/comitati.fisi.org\/veneto\/wp-json\/wp\/v2\/users\/33"}],"replies":[{"embeddable":true,"href":"https:\/\/comitati.fisi.org\/veneto\/wp-json\/wp\/v2\/comments?post=29345"}],"version-history":[{"count":3,"href":"https:\/\/comitati.fisi.org\/veneto\/wp-json\/wp\/v2\/posts\/29345\/revisions"}],"predecessor-version":[{"id":29351,"href":"https:\/\/comitati.fisi.org\/veneto\/wp-json\/wp\/v2\/posts\/29345\/revisions\/29351"}],"wp:featuredmedia":[{"embeddable":true,"href":"https:\/\/comitati.fisi.org\/veneto\/wp-json\/wp\/v2\/media\/29348"}],"wp:attachment":[{"href":"https:\/\/comitati.fisi.org\/veneto\/wp-json\/wp\/v2\/media?parent=29345"}],"wp:term":[{"taxonomy":"category","embeddable":true,"href":"https:\/\/comitati.fisi.org\/veneto\/wp-json\/wp\/v2\/categories?post=29345"},{"taxonomy":"post_tag","embeddable":true,"href":"https:\/\/comitati.fisi.org\/veneto\/wp-json\/wp\/v2\/tags?post=29345"}],"curies":[{"name":"wp","href":"https:\/\/api.w.org\/{rel}","templated":true}]}}