{"id":29322,"date":"2025-03-14T18:03:22","date_gmt":"2025-03-14T18:03:22","guid":{"rendered":"https:\/\/comitati.fisi.org\/veneto\/?p=29322"},"modified":"2025-03-14T18:04:44","modified_gmt":"2025-03-14T18:04:44","slug":"fondo-iris-de-martin-settima-in-fesa-cup","status":"publish","type":"post","link":"https:\/\/comitati.fisi.org\/veneto\/blog\/2025\/03\/14\/fondo-iris-de-martin-settima-in-fesa-cup\/","title":{"rendered":"Fondo, Iris De Martin settima in Fesa Cup"},"content":{"rendered":"\n<p>Settima piazza oggi per Iris De Martin Pinter nella sprint di Fesa Cup a Premanon, sulle Alpi francesi. La comeliana del Centro sportivo Carabinieri \u00e8 uscita in semifinale, mancando per poco pi\u00f9 di un secondo il ripescaggio nel turno decisivo. La vittoria \u00e8 andata alla tedesca Verena Veit davanti alle svizzere Lea Fischer e Alina Meier. Quarta la valdostana Nadine Laurent.<br>Per la giornata di domani \u00e8 prevista una 10 chilometri in tecnica classica a cronometro mentre domani il trittico di Premanon si concluder\u00e0 con una 10 chilometri skating a inseguimento.<\/p>\n\n\n\n<p>Coppa del Mondo a Holmenkollen \u2013 Sono le piste di Holmenkollen, la collina che troneggia alle spalle della capitale norvegese Oslo, a ospitare il ritorno della Coppa del Mondo dopo la rassegna iridata di Trondheim. Il programma della terzultima tappa stagionale propone tra domani e sabato una duplice prova individuale, prima sui 20 chilometri in classico, quindi sui 10 in tecnica libera. Al via anche Anna Comarella. Con la cortinese delle Fiamme Oro gareggeranno Caterina Ganz, Martina Di Centa, Maria Gismondi, Federico Pellegrino, Davide Graz, Simone Dapr\u00e0, Paolo Ventura, Francesco De Fabiani, Giovanni Ticc\u00f2 e Martino Carollo.<\/p>\n","protected":false},"excerpt":{"rendered":"<p>La vittoria \u00e8 andata alla tedesca Verena Veit<\/p>\n","protected":false},"author":33,"featured_media":19911,"comment_status":"open","ping_status":"open","sticky":false,"template":"","format":"standard","meta":{"_acf_changed":false,"footnotes":""},"categories":[9,13,14,15,7,16,5],"tags":[170],"acf":[],"_links":{"self":[{"href":"https:\/\/comitati.fisi.org\/veneto\/wp-json\/wp\/v2\/posts\/29322"}],"collection":[{"href":"https:\/\/comitati.fisi.org\/veneto\/wp-json\/wp\/v2\/posts"}],"about":[{"href":"https:\/\/comitati.fisi.org\/veneto\/wp-json\/wp\/v2\/types\/post"}],"author":[{"embeddable":true,"href":"https:\/\/comitati.fisi.org\/veneto\/wp-json\/wp\/v2\/users\/33"}],"replies":[{"embeddable":true,"href":"https:\/\/comitati.fisi.org\/veneto\/wp-json\/wp\/v2\/comments?post=29322"}],"version-history":[{"count":2,"href":"https:\/\/comitati.fisi.org\/veneto\/wp-json\/wp\/v2\/posts\/29322\/revisions"}],"predecessor-version":[{"id":29325,"href":"https:\/\/comitati.fisi.org\/veneto\/wp-json\/wp\/v2\/posts\/29322\/revisions\/29325"}],"wp:featuredmedia":[{"embeddable":true,"href":"https:\/\/comitati.fisi.org\/veneto\/wp-json\/wp\/v2\/media\/19911"}],"wp:attachment":[{"href":"https:\/\/comitati.fisi.org\/veneto\/wp-json\/wp\/v2\/media?parent=29322"}],"wp:term":[{"taxonomy":"category","embeddable":true,"href":"https:\/\/comitati.fisi.org\/veneto\/wp-json\/wp\/v2\/categories?post=29322"},{"taxonomy":"post_tag","embeddable":true,"href":"https:\/\/comitati.fisi.org\/veneto\/wp-json\/wp\/v2\/tags?post=29322"}],"curies":[{"name":"wp","href":"https:\/\/api.w.org\/{rel}","templated":true}]}}