{"id":29051,"date":"2025-03-02T16:49:13","date_gmt":"2025-03-02T16:49:13","guid":{"rendered":"https:\/\/comitati.fisi.org\/veneto\/?p=29051"},"modified":"2025-03-02T16:49:15","modified_gmt":"2025-03-02T16:49:15","slug":"fondo-22-mo-posto-per-anna-comarella-nello-skiathlon-iridato","status":"publish","type":"post","link":"https:\/\/comitati.fisi.org\/veneto\/blog\/2025\/03\/02\/fondo-22-mo-posto-per-anna-comarella-nello-skiathlon-iridato\/","title":{"rendered":"Fondo, 22.mo posto per Anna Comarella nello skiathlon iridato"},"content":{"rendered":"\n<p>Buon 22.mo posto oggi per Anna Comarella (<em>nell&#8217;immagine Pentaphoto<\/em>) nello skiathlon iridato di Trondheim. La cortinese, al primo impegno al Mondiale norvegese, \u00e8 stata la prima delle azzurre, chiudendo a 3\u201918\u201d9 da Ebba Andersson, vincitrice della prova che prevedeva 10 chilometri in classico seguiti da 10 chilometri in tecnica libera. Andersson si \u00e8 imposta al termine di un testa a testa con la norvegese Th\u00e9r\u00e8se Johaug. A completare il podio \u00e8 stata un\u2019altra norvegese, Jonna Sundling, a una decina di secondi da Andersson. Per quanto riguarda le azzurre, oltre al 22.mo posto di Comarella ci sono il 29.mo di Martina Di Centa (+3\u201958\u20332), il 32.mo della laziale Maria Gismondi (+4\u201918\u20338), al debutto ai Mondiali, e il 36.mo della trentina Caterina Ganz (+4\u201958\u20333). Domani a Trondheim \u00e8 giornata di riposo. Si riparte marted\u00ec con le 10 chilometri in tecnica classica.<\/p>\n\n\n\n<p><a href=\"https:\/\/www.fis-ski.com\/DB\/general\/event-details.html?sectorcode=CC&amp;eventid=55942&amp;seasoncode=2025\">CLASSIFICA<\/a><br><\/p>\n","protected":false},"excerpt":{"rendered":"<p>Vittoria della norvegese Ebba Andersson<\/p>\n","protected":false},"author":33,"featured_media":29052,"comment_status":"open","ping_status":"open","sticky":false,"template":"","format":"standard","meta":{"_acf_changed":false,"footnotes":""},"categories":[9,135,13,14,15,7,16],"tags":[28],"acf":[],"_links":{"self":[{"href":"https:\/\/comitati.fisi.org\/veneto\/wp-json\/wp\/v2\/posts\/29051"}],"collection":[{"href":"https:\/\/comitati.fisi.org\/veneto\/wp-json\/wp\/v2\/posts"}],"about":[{"href":"https:\/\/comitati.fisi.org\/veneto\/wp-json\/wp\/v2\/types\/post"}],"author":[{"embeddable":true,"href":"https:\/\/comitati.fisi.org\/veneto\/wp-json\/wp\/v2\/users\/33"}],"replies":[{"embeddable":true,"href":"https:\/\/comitati.fisi.org\/veneto\/wp-json\/wp\/v2\/comments?post=29051"}],"version-history":[{"count":1,"href":"https:\/\/comitati.fisi.org\/veneto\/wp-json\/wp\/v2\/posts\/29051\/revisions"}],"predecessor-version":[{"id":29053,"href":"https:\/\/comitati.fisi.org\/veneto\/wp-json\/wp\/v2\/posts\/29051\/revisions\/29053"}],"wp:featuredmedia":[{"embeddable":true,"href":"https:\/\/comitati.fisi.org\/veneto\/wp-json\/wp\/v2\/media\/29052"}],"wp:attachment":[{"href":"https:\/\/comitati.fisi.org\/veneto\/wp-json\/wp\/v2\/media?parent=29051"}],"wp:term":[{"taxonomy":"category","embeddable":true,"href":"https:\/\/comitati.fisi.org\/veneto\/wp-json\/wp\/v2\/categories?post=29051"},{"taxonomy":"post_tag","embeddable":true,"href":"https:\/\/comitati.fisi.org\/veneto\/wp-json\/wp\/v2\/tags?post=29051"}],"curies":[{"name":"wp","href":"https:\/\/api.w.org\/{rel}","templated":true}]}}