{"id":29020,"date":"2025-03-01T17:36:24","date_gmt":"2025-03-01T17:36:24","guid":{"rendered":"https:\/\/comitati.fisi.org\/veneto\/?p=29020"},"modified":"2025-03-01T17:36:25","modified_gmt":"2025-03-01T17:36:25","slug":"fondo-barp-lontano-dai-primi-nello-skiathlon-iridato","status":"publish","type":"post","link":"https:\/\/comitati.fisi.org\/veneto\/blog\/2025\/03\/01\/fondo-barp-lontano-dai-primi-nello-skiathlon-iridato\/","title":{"rendered":"Fondo, Barp lontano dai primi nello skiathlon iridato"},"content":{"rendered":"\n<p>Giornata no per Elia Barp (<em>immagine Pentaphoto<\/em>) nella per lui prima gara ai Mondiali di Trondheim. Oggi la rassegna iridata norvegese ha proposto lo skiathlon (10 km in classico + 10 km skating e il finanziere di Trichiana, classe 2002, si \u00e8 dovuto accontentare del 53.mo posto.<br>Elia \u00e8 stato autore di una discreta prima frazione, chiusa al 23.mo posto, per poi perdere terreno nella seconda. Il portacolori delle Fiamme Gialle \u00e8 finito a oltre 4\u201930\u201d dal vincitore, il norvegese Johannes Klaebo che nelle ultime centinaia di metri ha aperto il gas per lasciare dietro il manipolo dei migliori, manipolo che comprendeva anche Federico Pellegrino. Il valdostano, argento nella sprint gioved\u00ec, ancora una volta \u00e8 stato da applausi: si \u00e8 giocato una medaglia allo sprint con tre norvegesi, sprint che l\u2019ha visto preceduto di un nulla da Martin Loewstroem Nyenget argento, Harald Oestberg Amundsen bronzo e Jan Thomas Jenssen.<\/p>\n\n\n\n<p><a href=\"https:\/\/www.fis-ski.com\/DB\/general\/event-details.html?sectorcode=CC&amp;eventid=55942&amp;seasoncode=2025\">CLASSIFICA<\/a><\/p>\n\n\n\n<p>Domani \u00e8 in programma lo skiathlon femminile con Anna Comarella, con Caterina Ganz, Martina Di Centa e Maria Gismondi.<\/p>\n","protected":false},"excerpt":{"rendered":"<p>Domani lo skiathlon femminile con Anna Comarella<\/p>\n","protected":false},"author":33,"featured_media":29021,"comment_status":"open","ping_status":"open","sticky":false,"template":"","format":"standard","meta":{"_acf_changed":false,"footnotes":""},"categories":[9,13,14,15,7,16,5],"tags":[12],"acf":[],"_links":{"self":[{"href":"https:\/\/comitati.fisi.org\/veneto\/wp-json\/wp\/v2\/posts\/29020"}],"collection":[{"href":"https:\/\/comitati.fisi.org\/veneto\/wp-json\/wp\/v2\/posts"}],"about":[{"href":"https:\/\/comitati.fisi.org\/veneto\/wp-json\/wp\/v2\/types\/post"}],"author":[{"embeddable":true,"href":"https:\/\/comitati.fisi.org\/veneto\/wp-json\/wp\/v2\/users\/33"}],"replies":[{"embeddable":true,"href":"https:\/\/comitati.fisi.org\/veneto\/wp-json\/wp\/v2\/comments?post=29020"}],"version-history":[{"count":1,"href":"https:\/\/comitati.fisi.org\/veneto\/wp-json\/wp\/v2\/posts\/29020\/revisions"}],"predecessor-version":[{"id":29022,"href":"https:\/\/comitati.fisi.org\/veneto\/wp-json\/wp\/v2\/posts\/29020\/revisions\/29022"}],"wp:featuredmedia":[{"embeddable":true,"href":"https:\/\/comitati.fisi.org\/veneto\/wp-json\/wp\/v2\/media\/29021"}],"wp:attachment":[{"href":"https:\/\/comitati.fisi.org\/veneto\/wp-json\/wp\/v2\/media?parent=29020"}],"wp:term":[{"taxonomy":"category","embeddable":true,"href":"https:\/\/comitati.fisi.org\/veneto\/wp-json\/wp\/v2\/categories?post=29020"},{"taxonomy":"post_tag","embeddable":true,"href":"https:\/\/comitati.fisi.org\/veneto\/wp-json\/wp\/v2\/tags?post=29020"}],"curies":[{"name":"wp","href":"https:\/\/api.w.org\/{rel}","templated":true}]}}