{"id":28999,"date":"2025-03-01T14:52:22","date_gmt":"2025-03-01T14:52:22","guid":{"rendered":"https:\/\/comitati.fisi.org\/veneto\/?p=28999"},"modified":"2025-03-01T14:54:31","modified_gmt":"2025-03-01T14:54:31","slug":"snowboard-dalmasso-e-caffont-quarta-e-settimana-in-coppa-a-krynica","status":"publish","type":"post","link":"https:\/\/comitati.fisi.org\/veneto\/blog\/2025\/03\/01\/snowboard-dalmasso-e-caffont-quarta-e-settimana-in-coppa-a-krynica\/","title":{"rendered":"Snowboard, Dalmasso e Caffont quarta e settimana in Coppa a Krynica"},"content":{"rendered":"\n<p>Gran bel quarto posto oggi per Lucia Dalmasso (nell&#8217;immagine Pentaphoto) a Krynica. La Coppa del Mondo nella localit\u00e0 del sud della Polonia ha proposto un gigante parallelo e la ragazza falcadina \u00e8 riuscita a raggiungere la finalina: l\u2019agordina delle Fiamme Gialle, ottima quarta in qualifica, si \u00e8 espressa \u00a0su ottimi livelli tanto nel primo turno contro la slovena Kotnik quanto nei quarti, vinti contro la polacca Krol-Walas, incappando poi in un duplice errore nella medesima curva che tra semifinale (con Ramona Hofmeister) e finale B (con la svizzera Julie Zogg) la hanno costretta ad accontentarsi della quarta piazza. Piazzamento dolce amaro, il quarto posto, ma forse in questo caso pi\u00f9 dolce che amaro perch\u00e9 certifica il ritorno di Lucia nelle posizioni altissime della classifica dopo un paio di mesi difficili. Il successo \u00e8 andato alla tedesca Hofmeister che nel duello decisivo ha la meglio sull\u2019olandese Michelle Dekker. Proprio Hofmeister ha interrotto nei quarti il cammino della cavarzanese Elisa Caffont, settima alla fine (nona in qualfica), mentre Jasmin Coratti (14.ma) ha dovuto cedere strada negli ottavi alla giapponese Tsubaki Miki; non qualificata in mattinata Elisa Fava, 21.ma.<\/p>\n\n\n\n<p>La giornata di oggi \u00e8 stata splendida per l\u2019Italia maschile. Roland Fischnaller \u00e8 infatti tornato al successo, centrando il 23.mo successo complessivo nel massimo circuito, il dodicesimo in gigante. E Maurizio Bormolini, terzo, si \u00e8 portato a casa la coppa di specialit\u00e0, in attesa che la matematica possa certificare il successo anche nella classifica generale di parallelo.<\/p>\n\n\n\n<p>Ancora una grande prova per il team azzurro coordinato dal dt Cesare Pisoni, capace di monopolizzare la parte alta del tabellone, piazzando Edwin Coratti in quarta piazza, Mirko Felicetti in quinta, Daniele Bagozza all\u2019ottavo posto ed infine Aaron March al tredicesimo.<\/p>\n\n\n\n<p>Domani a Krynica si replica, con l\u2019ultimo appuntamento stagionale nel gigante per la Coppa del Mondo, in attesa dei Mondiali di fine marzo in Engadina (Svizzera). La Coppa si concluder\u00e0 tra il 15 ed il 16 marzo a Winterberg (Germania) con uno slalom e una prova mista a squadre.<\/p>\n\n\n\n<p><a href=\"https:\/\/www.fis-ski.com\/DB\/general\/event-details.html?sectorcode=SB&amp;eventid=55707&amp;seasoncode=2025\">CLASSIFICHE<\/a><\/p>\n","protected":false},"excerpt":{"rendered":"<p>Al maschile vittoria per Roland Fischnaller <\/p>\n","protected":false},"author":33,"featured_media":26573,"comment_status":"open","ping_status":"open","sticky":false,"template":"","format":"standard","meta":{"_acf_changed":false,"footnotes":""},"categories":[9,13,14,5,6,26],"tags":[],"acf":[],"_links":{"self":[{"href":"https:\/\/comitati.fisi.org\/veneto\/wp-json\/wp\/v2\/posts\/28999"}],"collection":[{"href":"https:\/\/comitati.fisi.org\/veneto\/wp-json\/wp\/v2\/posts"}],"about":[{"href":"https:\/\/comitati.fisi.org\/veneto\/wp-json\/wp\/v2\/types\/post"}],"author":[{"embeddable":true,"href":"https:\/\/comitati.fisi.org\/veneto\/wp-json\/wp\/v2\/users\/33"}],"replies":[{"embeddable":true,"href":"https:\/\/comitati.fisi.org\/veneto\/wp-json\/wp\/v2\/comments?post=28999"}],"version-history":[{"count":3,"href":"https:\/\/comitati.fisi.org\/veneto\/wp-json\/wp\/v2\/posts\/28999\/revisions"}],"predecessor-version":[{"id":29002,"href":"https:\/\/comitati.fisi.org\/veneto\/wp-json\/wp\/v2\/posts\/28999\/revisions\/29002"}],"wp:featuredmedia":[{"embeddable":true,"href":"https:\/\/comitati.fisi.org\/veneto\/wp-json\/wp\/v2\/media\/26573"}],"wp:attachment":[{"href":"https:\/\/comitati.fisi.org\/veneto\/wp-json\/wp\/v2\/media?parent=28999"}],"wp:term":[{"taxonomy":"category","embeddable":true,"href":"https:\/\/comitati.fisi.org\/veneto\/wp-json\/wp\/v2\/categories?post=28999"},{"taxonomy":"post_tag","embeddable":true,"href":"https:\/\/comitati.fisi.org\/veneto\/wp-json\/wp\/v2\/tags?post=28999"}],"curies":[{"name":"wp","href":"https:\/\/api.w.org\/{rel}","templated":true}]}}