{"id":28840,"date":"2025-02-20T15:13:25","date_gmt":"2025-02-20T15:13:25","guid":{"rendered":"https:\/\/comitati.fisi.org\/veneto\/?p=28840"},"modified":"2025-02-20T16:21:57","modified_gmt":"2025-02-20T16:21:57","slug":"matteo-eydallin-e-damiano-lenzi-la-coppia-da-battere-alla-transcavallo-numero-42","status":"publish","type":"post","link":"https:\/\/comitati.fisi.org\/veneto\/blog\/2025\/02\/20\/matteo-eydallin-e-damiano-lenzi-la-coppia-da-battere-alla-transcavallo-numero-42\/","title":{"rendered":"Matteo Eydallin e Damiano Lenzi la coppia da battere alla Transcavallo numero 42"},"content":{"rendered":"\n<p>Mancano pochissime ore all\u2019apertura del fine settimana dedicato alla Transcavallo, gara di scialpinismo che si disputer\u00e0 dal 21 al 23 febbraio sulle nevi dell\u2019Alpago, al confine tra Veneto e Friuli Venezia Giulia. Tutto inizier\u00e0 a Piancavallo domani, venerd\u00ec 21, con la SuperTr\u00e8mol2007. Poi la carovana si sposter\u00e0 nei due giorni successivi in Alpago, con la seconda tappa della Transcavallo, valida come prova di Coppa Italia, e con il Campionato Italiano Alpini in programma domenica mattina.<br>In queste ore sono arrivate alla segreteria operativa le iscrizioni dei team in lizza per la vittoria finale. Matteo Eydallin, al rientro da una lunga convalescenza, correr\u00e0 con il vecchio compagno di nazionale, ora allenatore dei giovani del Comitato Alpi Occidentali, Damiano Lenzi. Questi campioni hanno fatto la storia della Transcavallo, vincendo titoli iridati, titoli europei e prove di Coppa del Mondo, portando a 12 il numero totale di vittorie per Matteo Eydallin e a 6 quello di Lenzi.<br>Si batteranno per salire sul podio anche Federico Nicolini con Nadir Maguet e Alex Oberbacher con William Boffelli.<br>In campo femminile, da segnalare la presenza di Martina Cumerlato in squadra con Claudia Boffelli e di Natalia Mastrota con Chiara Musso.<br>In questi giorni il lavoro dei tracciatori della Transcavallo \u00e8 stato incessante. Si pu\u00f2 affermare con tutta tranquillit\u00e0 che la Val Salatis \u00e8 stata perlustrata in ogni suo angolo per poter scegliere il tracciato migliore, seguendo le condizioni del manto nevoso. Il percorso del sabato mattina, quello in programma a Piancavallo, non ha subito modifiche rispetto all\u2019originale: partir\u00e0 a quota 1.255 metri lungo la strada poderale che da Malga Cate sale verso la Val Salatis.<br>I concorrenti affronteranno i primi 60 metri di dislivello con gli sci nello zaino. Una volta calzati gli sci, saliranno lungo il Fil\u00f2n per poi scendere verso l\u2019attacco della salita che li porter\u00e0 sul Canalino delle Placche. Quest\u2019ultimo \u00e8 un\u2019apertura tra le pareti est del Monte Guslon, che ha reso famosa la Transcavallo nel mondo dello scialpinismo agonistico. Salendo su pendenze che superano i 50\u00b0, gli atleti conquisteranno la vetta del Monte Guslon a quota 2.195 metri. Le creste aeree che collegano la vetta al punto di cambio d\u2019assetto sono ben conosciute dai concorrenti. Tutta questa parte di percorso sar\u00e0 affrontata con gli sci nello zaino.<br>Calzati gli sci e tolte le pelli, le squadre scenderanno per spostarsi con altre due salite verso Cima Val Grande a 2.005 metri di quota. Da questa cima, dopo una discesa di 275 metri di dislivello negativo, inizier\u00e0 l\u2019ultima fatica della giornata, che prevede la conquista della vetta del Monte Cornor. Negli ultimi metri prima di arrivare al cambio d\u2019assetto, gli sci dovranno essere riposti ancora una volta nello zaino.<br>Dai 2.175 metri di quota ci sar\u00e0 una lunga e tecnica discesa che porter\u00e0 i team a tagliare il traguardo nella stessa zona da dove erano partiti. Nell\u2019ultima parte, prima di riprendere la mulattiera della Val Salatis, si dovr\u00e0 correre con gli sci nello zaino fino alla casera Pian de le Stele. Da qui, ancora una parte con gli sci ai piedi per affrontare l\u2019ultimo cambio d\u2019assetto prima di tagliare il traguardo. Il dislivello positivo totale \u00e8 di circa 2.181 metri, suddiviso in cinque salite.<br>Per quanto riguarda la gara individuale, il tracciato sar\u00e0 uguale alla prima parte di quello pi\u00f9 lungo. Quando gli atleti scenderanno dalle creste del Monte Guslon, invece di dirigersi verso Cima Val Grande andranno direttamente a tagliare il traguardo. Il dislivello positivo \u00e8 di circa 850 metri, mentre le salite saranno due.<br>Domenica si svolger\u00e0, sempre in Val Salatis, il Campionato Italiano ANA di scialpinismo. Per la prima volta, i percorsi allestiti per le varie categorie saranno due: il primo, pi\u00f9 lungo, avr\u00e0 un dislivello positivo di circa 900-1.000 metri, mentre nel secondo i metri di dislivello saranno circa 500-600.<br>Nel programma \u00e8 stata anche confermata la Transcavallo Experience 3.0, una salita \u201cturistica\u201d aperta a tutti, che percorrer\u00e0 le tracce di gara verso il Monte Corn\u00f2n e si attester\u00e0 sui 1.000 metri di dislivello positivo, una classica &#8220;gitona&#8221; in Alpago.<br>Per quanto riguarda tutti gli eventi collaterali, dai pranzi alle cerimonie di premiazione, il quartier generale sar\u00e0 il centro di Tambre.<br>Da segnalare che sabato pomeriggio, dopo le cerimonie dedicate al Campionato Italiano ANA, sui pendii del Monte Guslon ci sar\u00e0 la tradizionale fiaccolata, suggestiva e rappresentativa, che potr\u00e0 essere vista dal paese di Tambre ma ancora meglio da Col Indes.<\/p>\n\n\n\n<p>Maggiori\u00a0informazioni e iscrizioni\u00a0<a href=\"https:\/\/areaphoto.us12.list-manage.com\/track\/click?u=dc30bb2f1f8f67c75795a6d21&amp;id=7e84fdabd7&amp;e=ddfc54ccbe\" target=\"_blank\" rel=\"noreferrer noopener\">www.transcavallo.it<\/a><\/p>\n\n\n\n<p><strong>Per la gara di sabato, valida per la Coppa Italia, il responsabile di settore del comitato, Davide Geronazzo, ha convocato Andrea Gaspari, Marco Colussi e Martino Ceola di Sci Cai Schio, Gloria Fusina di Ski Alp Valdobbiadene, Giorgio Svalduz di Dolomiti Ski Alp e Nicola Pilotto di Sci Club Cortina.<\/strong><\/p>\n\n\n\n<p><em>nota stampa organizzazione<\/em><\/p>\n","protected":false},"excerpt":{"rendered":"<p>Per la gara di sabato, valida per la Coppa Italia, il responsabile di settore del comitato, Davide Geronazzo, ha convocato Andrea Gaspari, Marco Colussi e Martino Ceola di Sci Cai Schio, Gloria Fusina di Ski Alp Valdobbiadene, Giorgio Svalduz di Dolomiti Ski Alp e Nicola Pilotto di Sci Club Cortina<\/p>\n","protected":false},"author":33,"featured_media":28841,"comment_status":"open","ping_status":"open","sticky":false,"template":"","format":"standard","meta":{"_acf_changed":false,"footnotes":""},"categories":[9,14,15,4,5,39,6],"tags":[1003],"acf":[],"_links":{"self":[{"href":"https:\/\/comitati.fisi.org\/veneto\/wp-json\/wp\/v2\/posts\/28840"}],"collection":[{"href":"https:\/\/comitati.fisi.org\/veneto\/wp-json\/wp\/v2\/posts"}],"about":[{"href":"https:\/\/comitati.fisi.org\/veneto\/wp-json\/wp\/v2\/types\/post"}],"author":[{"embeddable":true,"href":"https:\/\/comitati.fisi.org\/veneto\/wp-json\/wp\/v2\/users\/33"}],"replies":[{"embeddable":true,"href":"https:\/\/comitati.fisi.org\/veneto\/wp-json\/wp\/v2\/comments?post=28840"}],"version-history":[{"count":3,"href":"https:\/\/comitati.fisi.org\/veneto\/wp-json\/wp\/v2\/posts\/28840\/revisions"}],"predecessor-version":[{"id":28846,"href":"https:\/\/comitati.fisi.org\/veneto\/wp-json\/wp\/v2\/posts\/28840\/revisions\/28846"}],"wp:featuredmedia":[{"embeddable":true,"href":"https:\/\/comitati.fisi.org\/veneto\/wp-json\/wp\/v2\/media\/28841"}],"wp:attachment":[{"href":"https:\/\/comitati.fisi.org\/veneto\/wp-json\/wp\/v2\/media?parent=28840"}],"wp:term":[{"taxonomy":"category","embeddable":true,"href":"https:\/\/comitati.fisi.org\/veneto\/wp-json\/wp\/v2\/categories?post=28840"},{"taxonomy":"post_tag","embeddable":true,"href":"https:\/\/comitati.fisi.org\/veneto\/wp-json\/wp\/v2\/tags?post=28840"}],"curies":[{"name":"wp","href":"https:\/\/api.w.org\/{rel}","templated":true}]}}