{"id":28752,"date":"2025-02-16T20:46:22","date_gmt":"2025-02-16T20:46:22","guid":{"rendered":"https:\/\/comitati.fisi.org\/veneto\/?p=28752"},"modified":"2025-02-16T20:46:23","modified_gmt":"2025-02-16T20:46:23","slug":"snowboard-nono-posto-per-lucia-dalmasso-in-canada","status":"publish","type":"post","link":"https:\/\/comitati.fisi.org\/veneto\/blog\/2025\/02\/16\/snowboard-nono-posto-per-lucia-dalmasso-in-canada\/","title":{"rendered":"Snowboard, nono posto per Lucia Dalmasso in Canada"},"content":{"rendered":"\n<p>Neanche il secondo gigante parallelo di Coppa del Mondo a Val Saint-C\u00f4me (Canada) \u00e8 fortunato per Lucia Dalmasso ed Elisa Caffont. Dopo che ieri Caffont era stata squalificata nelle prove di qualificazione e Dalmasso aveva chiuso 17.ma, oggi Caffont non ha superato lo scoglio qualificazione e Dalmasso si \u00e8 dovuta accontentare della nona piazza. Ed \u00e8 un vero peccato perch\u00e9 Lucia aveva fatto registrare il terzo tempo in qualifica. Poi, \u00e8 stata subito eliminata agli ottavi, dove era opposta alla canadese Aurelie Moisan. La ragazza di Falcade si pu\u00f2 comunque consolare pensando che una top ten \u00e8 sempre qualcosa di importante, che \u00e8 stata la prima delle azzurre e che \u00e8 stato importante tornare a gareggiare e fare punti dopo un periodo di assenza dalle competizioni. La gara \u00e8 stata vinta dalla tedesca Theresia Ramona Hofmeister che in finale ha preceduto la svizzera Julie Zogg, con la giapponese Tsubaki Miki a prcedere Moisan nella small final.<br>Molto buona la giornata per i maschi, con due azzurri sul podio: piazza d\u2019onore per Roland Fischnaller, battuto in finale dal tedesco Elias Huber, e terzo posto per il livignasco (ex studente atleta allo Ski College Veneto Falcade) Maurizio Bormolini, con in quarta e quinta piazza Gabriel Messner ed Edwin Coratti.<br>Per quanto riguarda le classifiche generali di Coppa del Mondo, Bormolini mantiene il pettorale di leader con 710 punti, davanti all&#8217;austriaco Andreas Prommegger (590) e al bulgaro Rasoslav Yankov (550), mentre nella graduatoria di specialit\u00e0 il livignasco tocca i 552 punti per precedere Yankov (455) e Prommegger (373).<br>La giapponese Miki resta al comando di tutte le classifiche: la nipponica sale a 1.019 punti nella generale e a 659 nella graduatoria di gigante, precedendo in entrambi i casi la Hofmeister, rispettivamente a 794 e 613. L&#8217;altoatesina Jasmin Coratti, settima, \u00e8 la migliore delle azzurre nella generale. una generale che vede Elisa Caffont in nona posizione (con 372 punti) e Lucia Dalmasso quattordicesima (con 297 punti).<br>Dopo la breve parentesi nordamericana, ora la Coppa del Mondo ritorna in Europa: il prossimo appuntamento del circuito \u00e8 fissato per sabato e domenica 2 marzo con un duplice appuntamento di slalom parallelo nella localit\u00e0 polacca di Krynica.<br><\/p>\n","protected":false},"excerpt":{"rendered":"<p>Neanche il secondo gigante parallelo di Coppa del Mondo a Val Saint-C\u00f4me (Canada) \u00e8 fortunato per Lucia Dalmasso ed Elisa Caffont. Dopo che ieri Caffont era stata squalificata nelle prove di qualificazione e Dalmasso aveva chiuso 17.ma, oggi Caffont non ha superato lo scoglio qualificazione e Dalmasso si \u00e8 dovuta accontentare della nona piazza. Ed \u00e8 un vero peccato perch\u00e9&hellip;<\/p>\n","protected":false},"author":33,"featured_media":26325,"comment_status":"open","ping_status":"open","sticky":false,"template":"","format":"standard","meta":{"_acf_changed":false,"footnotes":""},"categories":[9,14,15,7,4,5,26],"tags":[94,84],"acf":[],"_links":{"self":[{"href":"https:\/\/comitati.fisi.org\/veneto\/wp-json\/wp\/v2\/posts\/28752"}],"collection":[{"href":"https:\/\/comitati.fisi.org\/veneto\/wp-json\/wp\/v2\/posts"}],"about":[{"href":"https:\/\/comitati.fisi.org\/veneto\/wp-json\/wp\/v2\/types\/post"}],"author":[{"embeddable":true,"href":"https:\/\/comitati.fisi.org\/veneto\/wp-json\/wp\/v2\/users\/33"}],"replies":[{"embeddable":true,"href":"https:\/\/comitati.fisi.org\/veneto\/wp-json\/wp\/v2\/comments?post=28752"}],"version-history":[{"count":1,"href":"https:\/\/comitati.fisi.org\/veneto\/wp-json\/wp\/v2\/posts\/28752\/revisions"}],"predecessor-version":[{"id":28753,"href":"https:\/\/comitati.fisi.org\/veneto\/wp-json\/wp\/v2\/posts\/28752\/revisions\/28753"}],"wp:featuredmedia":[{"embeddable":true,"href":"https:\/\/comitati.fisi.org\/veneto\/wp-json\/wp\/v2\/media\/26325"}],"wp:attachment":[{"href":"https:\/\/comitati.fisi.org\/veneto\/wp-json\/wp\/v2\/media?parent=28752"}],"wp:term":[{"taxonomy":"category","embeddable":true,"href":"https:\/\/comitati.fisi.org\/veneto\/wp-json\/wp\/v2\/categories?post=28752"},{"taxonomy":"post_tag","embeddable":true,"href":"https:\/\/comitati.fisi.org\/veneto\/wp-json\/wp\/v2\/tags?post=28752"}],"curies":[{"name":"wp","href":"https:\/\/api.w.org\/{rel}","templated":true}]}}