{"id":28704,"date":"2025-02-15T20:22:51","date_gmt":"2025-02-15T20:22:51","guid":{"rendered":"https:\/\/comitati.fisi.org\/veneto\/?p=28704"},"modified":"2025-02-15T20:23:09","modified_gmt":"2025-02-15T20:23:09","slug":"28704","status":"publish","type":"post","link":"https:\/\/comitati.fisi.org\/veneto\/blog\/2025\/02\/15\/28704\/","title":{"rendered":"Snowboard, 17.ma piazza per Lucia Dalmasso in Canada"},"content":{"rendered":"\n<p>Non \u00e8 stata fortunata per Elisa Caffont e Lucia Dalmasso la prima giornata di Coppa del Mondo a Val Saint-C\u00f4me. La localit\u00e0 canadese oggi ha ospitato un gigante parallelo e Caffont \u00e8 stata squalificata in qualifica mentre Dalmasso \u00e8 stata la prima delle escluse.<br>Vittoria per la tedesca Ramona Theresia Hofmeister che nella big final ha preceduto l\u2019austriaca Sabine Payer. Terza piazza per l\u2019olandese Michelle Dekker che nella small final ha avuto la meglio sulla tedesca Cheyenne Loch. Ottava Jasmin Coratti. Diciassettesima Dalmasso.<br>In campo maschile vittoria per lo sloveno Zan Kosir che ha battuto in big final l\u2019austriaco Banjamin Karl. Terza piazza per il bulgaro Radoslav Yankov che nella small final ha preceduto Kevin Bagozza (che nei quarti aveva battuto Maurizio Bormolini). Quinta piazza per Bormolini e sesta per Edwin Coratti. Undicesima per Mirko Felicetti.<br>Domani \u00e8 in programma un altro gigante.<\/p>\n","protected":false},"excerpt":{"rendered":"<p>Non \u00e8 stata fortunata per Elisa Caffont e Lucia Dalmasso la prima giornata di Coppa del Mondo a Val Saint-C\u00f4me. La localit\u00e0 canadese oggi ha ospitato un gigante parallelo e Caffont \u00e8 stata squalificata in qualifica mentre Dalmasso \u00e8 stata la prima delle escluse.Vittoria per la tedesca Ramona Theresia Hofmeister che nella big final ha preceduto l\u2019austriaca Sabine Payer. Terza&hellip;<\/p>\n","protected":false},"author":33,"featured_media":23315,"comment_status":"open","ping_status":"open","sticky":false,"template":"","format":"standard","meta":{"_acf_changed":false,"footnotes":""},"categories":[9,10,13,14,15,7,26],"tags":[94,84],"acf":[],"_links":{"self":[{"href":"https:\/\/comitati.fisi.org\/veneto\/wp-json\/wp\/v2\/posts\/28704"}],"collection":[{"href":"https:\/\/comitati.fisi.org\/veneto\/wp-json\/wp\/v2\/posts"}],"about":[{"href":"https:\/\/comitati.fisi.org\/veneto\/wp-json\/wp\/v2\/types\/post"}],"author":[{"embeddable":true,"href":"https:\/\/comitati.fisi.org\/veneto\/wp-json\/wp\/v2\/users\/33"}],"replies":[{"embeddable":true,"href":"https:\/\/comitati.fisi.org\/veneto\/wp-json\/wp\/v2\/comments?post=28704"}],"version-history":[{"count":2,"href":"https:\/\/comitati.fisi.org\/veneto\/wp-json\/wp\/v2\/posts\/28704\/revisions"}],"predecessor-version":[{"id":28706,"href":"https:\/\/comitati.fisi.org\/veneto\/wp-json\/wp\/v2\/posts\/28704\/revisions\/28706"}],"wp:featuredmedia":[{"embeddable":true,"href":"https:\/\/comitati.fisi.org\/veneto\/wp-json\/wp\/v2\/media\/23315"}],"wp:attachment":[{"href":"https:\/\/comitati.fisi.org\/veneto\/wp-json\/wp\/v2\/media?parent=28704"}],"wp:term":[{"taxonomy":"category","embeddable":true,"href":"https:\/\/comitati.fisi.org\/veneto\/wp-json\/wp\/v2\/categories?post=28704"},{"taxonomy":"post_tag","embeddable":true,"href":"https:\/\/comitati.fisi.org\/veneto\/wp-json\/wp\/v2\/tags?post=28704"}],"curies":[{"name":"wp","href":"https:\/\/api.w.org\/{rel}","templated":true}]}}