{"id":28679,"date":"2025-02-15T17:41:00","date_gmt":"2025-02-15T17:41:00","guid":{"rendered":"https:\/\/comitati.fisi.org\/veneto\/?p=28679"},"modified":"2025-02-15T17:45:50","modified_gmt":"2025-02-15T17:45:50","slug":"alpino-quarto-posto-per-asja-zenere-nel-secondo-sg-di-coppa-europa-a-bardonecchia","status":"publish","type":"post","link":"https:\/\/comitati.fisi.org\/veneto\/blog\/2025\/02\/15\/alpino-quarto-posto-per-asja-zenere-nel-secondo-sg-di-coppa-europa-a-bardonecchia\/","title":{"rendered":"Alpino, quarto posto per Asja Zenere nel secondo SG di Coppa Europa a Bardonecchia"},"content":{"rendered":"\n<p>Sara Allemand sale sul podio di casa nel secondo superG di Bardonecchia che completa cos\u00ec il programma della tappa di Coppa Europa ospitata dalla localit\u00e0 piemontese.<\/p>\n\n\n\n<p>Il successo nella gara inizialmente prevista per gioved\u00ec \u00e8 andato all\u2019austriaca Nadine Fest che con il tempo di 1\u201911\u203346 ha preceduto di 0\u203317 la svizzera Stefanie Grob e di 0\u203324 l\u2019azzurra che sale cos\u00ec per la terza volta in stagione (ed in carriera) sul podio di Coppa Europa dopo i due precedenti, sempre in superG, di Zinal e Zauchensee. La ventiquattrenne di Bardonecchia ha preceduto l\u2019altra azzurra Asja Zenere, vincitrice venerd\u00ec di gara 1, ed oggi quarta a 0\u203341: piazzamenti che permettono alla vicentina di mantenere la leadership della classifica di specialit\u00e0 di Coppa Europa con 330 punti davanti alla piemontese, seconda a quota 275 con Fest che risale in terza posizione (265).<\/p>\n\n\n\n<p>Buon undicesimo posto quindi per Giulia Albano che paga 1\u203348 da Fest, seguita da Vicky Bernardi, dodicesima a 1\u203350 con Nadia Delago diciottesima staccata di 2\u203321; a seguire Ludovica Righi \u00e8 24esima a 2\u203362, Melissa Astigiano 27esima a 2\u203394 e Camilla Vanni 28esima a 3\u203300.<\/p>\n\n\n\n<p>Oltre la trentesima piazza quindi Vittoria Cappellini a 3\u203342, Federica Lani (+3\u203370), Sofia Amigoni (+3\u203394), Elena Dal Vecchio (+4\u203305), Eleonora Pizzi (+4\u203309), Ivy Sch\u00f6lzhorn (+4\u203356), Aurora Zavartelli (+4\u203363), Sofia Parravicini (+5\u203302) e Giulia Savorgnani (+5\u203376).<\/p>\n\n\n\n<p><a href=\"https:\/\/www.fis-ski.com\/DB\/general\/event-details.html?sectorcode=AL&amp;eventid=56216&amp;seasoncode=2025\">CLASSIFICA<\/a><\/p>\n","protected":false},"excerpt":{"rendered":"<p>Sara Allemand sale sul podio di casa nel secondo superG di Bardonecchia che completa cos\u00ec il programma della tappa di Coppa Europa ospitata dalla localit\u00e0 piemontese. Il successo nella gara inizialmente prevista per gioved\u00ec \u00e8 andato all\u2019austriaca Nadine Fest che con il tempo di 1\u201911\u203346 ha preceduto di 0\u203317 la svizzera Stefanie Grob e di 0\u203324 l\u2019azzurra che sale cos\u00ec&hellip;<\/p>\n","protected":false},"author":33,"featured_media":28259,"comment_status":"open","ping_status":"open","sticky":false,"template":"","format":"standard","meta":{"_acf_changed":false,"footnotes":""},"categories":[9,51,13,14,15,7,4,5,19],"tags":[31],"acf":[],"_links":{"self":[{"href":"https:\/\/comitati.fisi.org\/veneto\/wp-json\/wp\/v2\/posts\/28679"}],"collection":[{"href":"https:\/\/comitati.fisi.org\/veneto\/wp-json\/wp\/v2\/posts"}],"about":[{"href":"https:\/\/comitati.fisi.org\/veneto\/wp-json\/wp\/v2\/types\/post"}],"author":[{"embeddable":true,"href":"https:\/\/comitati.fisi.org\/veneto\/wp-json\/wp\/v2\/users\/33"}],"replies":[{"embeddable":true,"href":"https:\/\/comitati.fisi.org\/veneto\/wp-json\/wp\/v2\/comments?post=28679"}],"version-history":[{"count":2,"href":"https:\/\/comitati.fisi.org\/veneto\/wp-json\/wp\/v2\/posts\/28679\/revisions"}],"predecessor-version":[{"id":28681,"href":"https:\/\/comitati.fisi.org\/veneto\/wp-json\/wp\/v2\/posts\/28679\/revisions\/28681"}],"wp:featuredmedia":[{"embeddable":true,"href":"https:\/\/comitati.fisi.org\/veneto\/wp-json\/wp\/v2\/media\/28259"}],"wp:attachment":[{"href":"https:\/\/comitati.fisi.org\/veneto\/wp-json\/wp\/v2\/media?parent=28679"}],"wp:term":[{"taxonomy":"category","embeddable":true,"href":"https:\/\/comitati.fisi.org\/veneto\/wp-json\/wp\/v2\/categories?post=28679"},{"taxonomy":"post_tag","embeddable":true,"href":"https:\/\/comitati.fisi.org\/veneto\/wp-json\/wp\/v2\/tags?post=28679"}],"curies":[{"name":"wp","href":"https:\/\/api.w.org\/{rel}","templated":true}]}}