{"id":28642,"date":"2025-02-14T20:20:11","date_gmt":"2025-02-14T20:20:11","guid":{"rendered":"https:\/\/comitati.fisi.org\/veneto\/?p=28642"},"modified":"2025-02-14T20:34:51","modified_gmt":"2025-02-14T20:34:51","slug":"scialpinismo-ecco-la-transcavallo-2025","status":"publish","type":"post","link":"https:\/\/comitati.fisi.org\/veneto\/blog\/2025\/02\/14\/scialpinismo-ecco-la-transcavallo-2025\/","title":{"rendered":"Scialpinismo, ecco la Transcavallo 2025"},"content":{"rendered":"\n<p>Questa sera presso la sede dell\u2019Associazione degli Alpini di Belluno \u00e8 stata presentata la 42^ edizione della Transcavallo, gara di scialpinismo che si disputer\u00e0 dal 21 al 23 febbraio sulle nevi dell\u2019Alpago al confine tra Veneto e Friuli Venezia Giulia. Il programma del prossimo fine settimana si aprir\u00e0 a Piancavallo venerd\u00ec mattina con la partenza della SuperTr\u00e8mol2007, per poi trasferirsi, nei due giorni successivi, in Alpago con la seconda tappa della Transcavallo, valida come prova di Coppa Italia, e con il Campionato Italiano Ana di scialpinismo che domenica chiuder\u00e0 il week end dedicato alle \u201cpelli di foca\u201d.<br>A fare gli onori di casa \u00e8 stato&nbsp;<strong>Lino De Pr\u00e0<\/strong>&nbsp;presidente della sezione ANA di Belluno, \u00abEra da qualche anno &#8211; ha esordito De Pr\u00e0 &#8211; che rincorrevamo questi Campionati Italiani, e quindi siamo estremamente soddisfatti che la prossima settimana vengano assegnati i titoli tricolori degli Alpini in Alpago\u00bb.<br>L\u2019ultima nevicata ha reso ancor pi\u00f9 perfetta la parte alta del percorso, gi\u00e0 innevata, portando la neve necessaria anche a quota pi\u00f9 bassa intorno ai 1.000\/1.200 metri; garantita pertanto la partenza e l&#8217;arrivo con gli sci ai piedi.&nbsp;&nbsp;<br><strong>Diego Svalduz<\/strong>, Presidente del Comitato Organizzatore, nel suo intervento ha voluto ricordare il forte legame che c\u2019\u00e8 con gli Alpini.<br>\u00abSono molto onorato di ospitare questi Campionati Italiani ANA di scialpinismo in questa 42\u00aa edizione. C\u2019\u00e8 una stretta connessione tra lo scialpinismo, la Transcavallo e gli Alpini: tutti rappresentano valori comuni, come la resistenza alla fatica e la solidariet\u00e0. Quando si \u00e8 in squadra non bisogna pensare solo alla propria gara, ma guardare sempre il compagno. \u00c8 un darsi l\u2019uno all\u2019altro, proprio come nei valori degli Alpini. Per questi motivi, la Transcavallo e gli Alpini vanno a braccetto. Ringrazio tutti coloro che stanno collaborando alla riuscita della manifestazione: dalle Istituzioni agli sponsor, dai volontari agli atleti che la prossima settimana coloreranno le nevi dell\u2019Alpago\u00bb.\u2028<br>Prima degli interventi puramente tecnici hanno portato i saluti anche il delegato provinciale del Coni,&nbsp;<strong>Simone Soccal<\/strong>&nbsp;e l\u2019assessore&nbsp;<strong>Monica Mazzoccoli&nbsp;<\/strong>per il Comune di Belluno. Soccal ha raccontato \u00abQui si parla di amicizia, si parla tradizioni, si parla di passione, per\u00f2 si vede anche una grandissima capacit\u00e0 attrattiva una quantit\u00e0 di sponsor e di volontari che non tutte le organizzazioni sportive sono in grado di attivare. Il Comitato Organizzatore dovrebbe essere un modello per le altre manifestazioni sportive\u00bb. Alla presentazione \u00e8 intervenuto anche il senatore&nbsp;<strong>Luca De Carlo<\/strong>, \u00abMontagna e Alpini un binomio inscindibile, dove la fatica \u00e8 un comune denominatore, anche con la Transcavallo noi veicoliamo non solo una gara, ma tutto il nostro territorio. Siamo seduti sopra a un patrimonio incredibile, gli ultimi record di presenze della Regione Veneto passano anche dalle nostre Dolomiti\u00bb.<br>\u00abPer quanto riguarda il programma di venerd\u00ec mattina &#8211; ha raccontato il direttore tecnico&nbsp;<strong>Vittorio Romor<\/strong>&nbsp;&#8211; potr\u00e0 subire qualche piccola modifica nel tracciato di Piancavallo, ma orari e zone di partenza (Piancavallo) e arrivo (Rifugio Val dei Sas) non cambieranno rispetto all\u2019idea originale. Sabato tutta l\u2019organizzazione si sposter\u00e0 nella Valle iridata, in Val Salatis. Come lo scorso anno i tracciati di gara si svilupperanno tra il Monte Guslon, il Monte Cornor e Col di Banca. L\u2019aspetto pi\u00f9 interessante \u00e8 che gli atleti affronteranno nuovamente il mitico e ripidissimo, oltre 50 gradi di pendenza, Canalino delle Placche per raggiungere la vetta del Monte Guslon\u00bb&nbsp;<br>Anche la competizione individuale ricalcher\u00e0 questa prima parte di percorso salendo il Monte Guslon e successivamente il Monte Cornor. Il dislivello di sola salita della Transcavallo sar\u00e0 di circa 2.500 metri mentre la prova individuale avr\u00e0 circa 1.300 metri di dislivello positivo.\u2028Domenica si svolger\u00e0, sempre in Val Salatis, il Campionato Italiano ANA di scialpinismo, per la prima volta i percorsi allestiti per le varie categorie saranno due. Il primo, quello pi\u00f9 lungo avr\u00e0 un dislivello positivo attorno ai 900-1.000 metri, mentre nel secondo i metri di dislivello saranno circa 500-600.&nbsp;<br>Nel programma \u00e8 stata anche confermata la&nbsp;<strong>Transcavallo Experience 3.0<\/strong>, una salita \u201cturistica\u201d aperta a tutti, che percorrer\u00e0 le tracce di gara verso il Monte Cornor e si attester\u00e0 sui 1.000 metri di dislivello positivo, una classica &#8220;gitona&#8221; in Alpago.&nbsp;<br>Per quanto riguarda tutti gli eventi collaterali, dai pranzi alle cerimonie di premiazione, il quartier generale sar\u00e0 il centro di Tambre.&nbsp;<br>Da segnalare che sabato pomeriggio dopo le cerimonie dedicate al Campionato Italiano ANA, sui pendii del Monte Guslon ci sar\u00e0 la tradizionale fiaccolata suggestiva e rappresentativa che potr\u00e0 essere vista da Tambre paese ma ancor meglio a Col Indes.<\/p>\n\n\n\n<p>Maggiori&nbsp;informazioni e iscrizioni&nbsp;<a href=\"https:\/\/areaphoto.us12.list-manage.com\/track\/click?u=dc30bb2f1f8f67c75795a6d21&amp;id=e89bf1b79b&amp;e=ddfc54ccbe\" target=\"_blank\" rel=\"noreferrer noopener\">www.transcavallo.it<\/a><\/p>\n","protected":false},"excerpt":{"rendered":"<p>Appuntamento dal 21 al 23 febbraio<\/p>\n","protected":false},"author":33,"featured_media":28643,"comment_status":"open","ping_status":"open","sticky":false,"template":"","format":"standard","meta":{"_acf_changed":false,"footnotes":""},"categories":[9,14,15,4,5,39,6],"tags":[],"acf":[],"_links":{"self":[{"href":"https:\/\/comitati.fisi.org\/veneto\/wp-json\/wp\/v2\/posts\/28642"}],"collection":[{"href":"https:\/\/comitati.fisi.org\/veneto\/wp-json\/wp\/v2\/posts"}],"about":[{"href":"https:\/\/comitati.fisi.org\/veneto\/wp-json\/wp\/v2\/types\/post"}],"author":[{"embeddable":true,"href":"https:\/\/comitati.fisi.org\/veneto\/wp-json\/wp\/v2\/users\/33"}],"replies":[{"embeddable":true,"href":"https:\/\/comitati.fisi.org\/veneto\/wp-json\/wp\/v2\/comments?post=28642"}],"version-history":[{"count":2,"href":"https:\/\/comitati.fisi.org\/veneto\/wp-json\/wp\/v2\/posts\/28642\/revisions"}],"predecessor-version":[{"id":28646,"href":"https:\/\/comitati.fisi.org\/veneto\/wp-json\/wp\/v2\/posts\/28642\/revisions\/28646"}],"wp:featuredmedia":[{"embeddable":true,"href":"https:\/\/comitati.fisi.org\/veneto\/wp-json\/wp\/v2\/media\/28643"}],"wp:attachment":[{"href":"https:\/\/comitati.fisi.org\/veneto\/wp-json\/wp\/v2\/media?parent=28642"}],"wp:term":[{"taxonomy":"category","embeddable":true,"href":"https:\/\/comitati.fisi.org\/veneto\/wp-json\/wp\/v2\/categories?post=28642"},{"taxonomy":"post_tag","embeddable":true,"href":"https:\/\/comitati.fisi.org\/veneto\/wp-json\/wp\/v2\/tags?post=28642"}],"curies":[{"name":"wp","href":"https:\/\/api.w.org\/{rel}","templated":true}]}}