{"id":28615,"date":"2025-02-14T12:49:09","date_gmt":"2025-02-14T12:49:09","guid":{"rendered":"https:\/\/comitati.fisi.org\/veneto\/?p=28615"},"modified":"2025-02-14T12:49:11","modified_gmt":"2025-02-14T12:49:11","slug":"alpino-bella-vittoria-per-asja-zenere-nel-sg-di-coppa-europa-a-bardonecchia","status":"publish","type":"post","link":"https:\/\/comitati.fisi.org\/veneto\/blog\/2025\/02\/14\/alpino-bella-vittoria-per-asja-zenere-nel-sg-di-coppa-europa-a-bardonecchia\/","title":{"rendered":"Alpino, bella vittoria per Asja Zenere nel SG di Coppa Europa a Bardonecchia"},"content":{"rendered":"\n<p>Asja Zenere ha vinto il primo dei due superG di Coppa Europa che compongono la tappa di Bardonecchia, in provincia di Torino: il tempo di 1\u201913\u203341 ha permesso alla ventottenne vicentina di cogliere il sesto successo personale nel circuito continentale, il terzo in superG, specialit\u00e0 in cui si era gi\u00e0 imposta a dicembre a Zinal.<br>La portacolori dei Carabinieri ha saputo far segnare il miglior parziale nell\u2019ultimo settore del tracciato, andando cos\u00ec aprecedere di un singolo centesimo di secondo la svizzera Janine Schmitt, con l\u2019altra elvetica Stefanie Grob terza a 0\u203313.<br>Solo due centesimi hanno invece separato Sara Allemand dal podio: la ventiquattrenne padrona di casa \u00e8 quarta a 0\u203315 da Zenere, con Ilaria Ghisalberti nona (+1\u203350) a dare ulteriore consistenza all\u2019ottima prova di squadra.<br>A seguire, Vicky Bernardi \u00e8 13esima a 1\u203379 seguita da Nadia Delago (+1\u203382), con Giulia Albano diciassettesima a 1\u203390 ed Elisa Platino ventesima a 1\u203396, seguita da Ludovica Righi (+2\u203363) ventisettesima a precedere di un centesimo Vittoria Cappellini.<\/p>\n\n\n\n<p>Oltre la trentesima piazza invece Carlotta De Leonardis (+2\u203375), Melissa Astigiano (+2\u203377), Camilla Vanni (+3\u203320), Ludovica Druetto (+3\u203322), Elena Dal Vecchio (+3\u203328), Sofia Amigoni (+4\u203304), Eleonora Zanetti (+4\u203319), Eleonora Pizzi (4\u203357), Sofia Parravicini (+4\u203360), Federica Lani (+4\u203365), Ivy Sch\u00f6lzhorn (+5\u203312), Giorgia Orsenigo (+5\u203391).<\/p>\n\n\n\n<p>Zenere e Allemand continuano cos\u00ec ad occupare le prime posizioni nella classifica di specialit\u00e0, con la veneta leader a quota 280 metri e 64 lunghezze di vantaggio sulla piemontese; terza \u00e8 Schmitt con 196.<\/p>\n\n\n\n<p>Sabato 15 febbraio la tappa torinese si completa con il secondo superG, prova inizialmente previsto per gioved\u00ec 13 ma posticipato per le cattive condizioni meteo.<\/p>\n\n\n\n<p><strong><a href=\"https:\/\/live.fis-ski.com\/lv-al5202.htm#\/follow\">Ordine d\u2019arrivo SG femminile Ce di Bardonecchia (To)<\/a><\/strong><\/p>\n","protected":false},"excerpt":{"rendered":"<p>Asja Zenere ha vinto il primo dei due superG di Coppa Europa che compongono la tappa di Bardonecchia, in provincia di Torino: il tempo di 1\u201913\u203341 ha permesso alla ventottenne vicentina di cogliere il sesto successo personale nel circuito continentale, il terzo in superG, specialit\u00e0 in cui si era gi\u00e0 imposta a dicembre a Zinal.La portacolori dei Carabinieri ha saputo&hellip;<\/p>\n","protected":false},"author":33,"featured_media":24523,"comment_status":"open","ping_status":"open","sticky":false,"template":"","format":"standard","meta":{"_acf_changed":false,"footnotes":""},"categories":[9,51,13,14,15,7,4,5,19],"tags":[31],"acf":[],"_links":{"self":[{"href":"https:\/\/comitati.fisi.org\/veneto\/wp-json\/wp\/v2\/posts\/28615"}],"collection":[{"href":"https:\/\/comitati.fisi.org\/veneto\/wp-json\/wp\/v2\/posts"}],"about":[{"href":"https:\/\/comitati.fisi.org\/veneto\/wp-json\/wp\/v2\/types\/post"}],"author":[{"embeddable":true,"href":"https:\/\/comitati.fisi.org\/veneto\/wp-json\/wp\/v2\/users\/33"}],"replies":[{"embeddable":true,"href":"https:\/\/comitati.fisi.org\/veneto\/wp-json\/wp\/v2\/comments?post=28615"}],"version-history":[{"count":1,"href":"https:\/\/comitati.fisi.org\/veneto\/wp-json\/wp\/v2\/posts\/28615\/revisions"}],"predecessor-version":[{"id":28616,"href":"https:\/\/comitati.fisi.org\/veneto\/wp-json\/wp\/v2\/posts\/28615\/revisions\/28616"}],"wp:featuredmedia":[{"embeddable":true,"href":"https:\/\/comitati.fisi.org\/veneto\/wp-json\/wp\/v2\/media\/24523"}],"wp:attachment":[{"href":"https:\/\/comitati.fisi.org\/veneto\/wp-json\/wp\/v2\/media?parent=28615"}],"wp:term":[{"taxonomy":"category","embeddable":true,"href":"https:\/\/comitati.fisi.org\/veneto\/wp-json\/wp\/v2\/categories?post=28615"},{"taxonomy":"post_tag","embeddable":true,"href":"https:\/\/comitati.fisi.org\/veneto\/wp-json\/wp\/v2\/tags?post=28615"}],"curies":[{"name":"wp","href":"https:\/\/api.w.org\/{rel}","templated":true}]}}