{"id":28599,"date":"2025-02-11T10:08:23","date_gmt":"2025-02-11T10:08:23","guid":{"rendered":"https:\/\/comitati.fisi.org\/veneto\/?p=28599"},"modified":"2025-02-11T10:08:25","modified_gmt":"2025-02-11T10:08:25","slug":"fondo-bellesordio-per-cagnati-e-milani-agli-eyof-di-bakuriani","status":"publish","type":"post","link":"https:\/\/comitati.fisi.org\/veneto\/blog\/2025\/02\/11\/fondo-bellesordio-per-cagnati-e-milani-agli-eyof-di-bakuriani\/","title":{"rendered":"Fondo, bell&#8217;esordio per Cagnati e Milani agli Eyof di Bakuriani"},"content":{"rendered":"\n<p>Quinto posto oggi per Vanessa Cagnati nella gara d&#8217;esordio degli Eyof, il Festival della Giovent\u00f9 Europea in corso di svolgimento a Bakuriani, in Georgia: la ragazza delle Fiamme Gialle, scuola Sci club Val Biois, \u00e8 stata la migliore delle azzurrine nella 5 chilometri in tecnica classica che \u00e8 stata vinta dalla svedese Mava Nisen con il tempo di 14\u201948\u20337 con 32\u2033 di margine sulla francese Gaetane Breniaux e 33\u20335 sulla svizzera Nina Cantieni. Cagnati ha fatto registrare un ritardo di 55\u2033 dalla vetta. Molto brava anche l&#8217;altra atleta agordina, Caterina Milani (Sci club Val Biois), dodicesima a 1&#8217;17&#8243;9. In gara anche due altre azzurre, Alice Leoni (sesta a 58&#8243;7) e Marta Belotti (diciannovesima a 1&#8217;36&#8243;6). <br><br><a href=\"https:\/\/results-bakuriani2025.sporteurope.org\/EYOF25\/lrs\/results\/CCS\/CCSW5.0KMIS-----------FNL-000100--\/\">CLASSIFICA<\/a> <\/p>\n","protected":false},"excerpt":{"rendered":"<p>Nella 5 km in classico, 5. posto per Vanessa, 12. per Caterina<\/p>\n","protected":false},"author":33,"featured_media":28600,"comment_status":"open","ping_status":"open","sticky":false,"template":"","format":"standard","meta":{"_acf_changed":false,"footnotes":""},"categories":[9,13,14,15,16,4,6],"tags":[],"acf":[],"_links":{"self":[{"href":"https:\/\/comitati.fisi.org\/veneto\/wp-json\/wp\/v2\/posts\/28599"}],"collection":[{"href":"https:\/\/comitati.fisi.org\/veneto\/wp-json\/wp\/v2\/posts"}],"about":[{"href":"https:\/\/comitati.fisi.org\/veneto\/wp-json\/wp\/v2\/types\/post"}],"author":[{"embeddable":true,"href":"https:\/\/comitati.fisi.org\/veneto\/wp-json\/wp\/v2\/users\/33"}],"replies":[{"embeddable":true,"href":"https:\/\/comitati.fisi.org\/veneto\/wp-json\/wp\/v2\/comments?post=28599"}],"version-history":[{"count":1,"href":"https:\/\/comitati.fisi.org\/veneto\/wp-json\/wp\/v2\/posts\/28599\/revisions"}],"predecessor-version":[{"id":28601,"href":"https:\/\/comitati.fisi.org\/veneto\/wp-json\/wp\/v2\/posts\/28599\/revisions\/28601"}],"wp:featuredmedia":[{"embeddable":true,"href":"https:\/\/comitati.fisi.org\/veneto\/wp-json\/wp\/v2\/media\/28600"}],"wp:attachment":[{"href":"https:\/\/comitati.fisi.org\/veneto\/wp-json\/wp\/v2\/media?parent=28599"}],"wp:term":[{"taxonomy":"category","embeddable":true,"href":"https:\/\/comitati.fisi.org\/veneto\/wp-json\/wp\/v2\/categories?post=28599"},{"taxonomy":"post_tag","embeddable":true,"href":"https:\/\/comitati.fisi.org\/veneto\/wp-json\/wp\/v2\/tags?post=28599"}],"curies":[{"name":"wp","href":"https:\/\/api.w.org\/{rel}","templated":true}]}}