{"id":28469,"date":"2025-02-06T15:28:02","date_gmt":"2025-02-06T15:28:02","guid":{"rendered":"https:\/\/comitati.fisi.org\/veneto\/?p=28469"},"modified":"2025-02-06T15:28:04","modified_gmt":"2025-02-06T15:28:04","slug":"alpino-a-cortina-i-tricolori-master-proposti-dallo-sci-club-druscie","status":"publish","type":"post","link":"https:\/\/comitati.fisi.org\/veneto\/blog\/2025\/02\/06\/alpino-a-cortina-i-tricolori-master-proposti-dallo-sci-club-druscie\/","title":{"rendered":"Alpino, a Cortina i Tricolori Master proposti dallo Sci club Drusci\u00e9"},"content":{"rendered":"\n<p>Sar\u00e0 un fine settimana tricolore per lo Sci club Drusci\u00e9 Cortina. La societ\u00e0 presieduta da Flavio Alberti organizza infatti a Cortina d\u2019Ampezzo, nel week-end dal 7 al 9 febbraio, i Campionati italiani Master di sci alpino, una tre giorni che metter\u00e0 in palio anche il Trofeo +Energia.<\/p>\n\n\n\n<p>L\u2019appuntamento vede iscritti 700 concorrenti che si sfideranno in gigante, superG e slalom.<\/p>\n\n\n\n<p>La gara d\u2019apertura sar\u00e0 il superG, venerd\u00ec 7 febbraio: teatro di gara la pista Lacedelli alle Cinque Torri. Il giorno successivo, sabato 8, spazio al gigante che verr\u00e0 disputato sempre sulla pista Lacedelli.<\/p>\n\n\n\n<p>La chiusura della tre giorni sar\u00e0 affidata allo slalom: la gara tra le porte strette si disputer\u00e0 sulla pista di Col Gallina. Tutte le gare prenderanno il via alle 9.30.<\/p>\n\n\n\n<p>Per essere aggiornati su programma, ordini di partenza e classifiche:\u00a0\u00a0<a href=\"http:\/\/www.sciclubdruscie.com\/\" target=\"_blank\" rel=\"noreferrer noopener\">www.sciclubdruscie.com<\/a><\/p>\n\n\n\n<p><\/p>\n\n\n\n<p>nota stampa organizzazione<\/p>\n","protected":false},"excerpt":{"rendered":"<p>Sar\u00e0 un fine settimana tricolore per lo Sci club Drusci\u00e9 Cortina. La societ\u00e0 presieduta da Flavio Alberti organizza infatti a Cortina d\u2019Ampezzo, nel week-end dal 7 al 9 febbraio, i Campionati italiani Master di sci alpino, una tre giorni che metter\u00e0 in palio anche il Trofeo +Energia. L\u2019appuntamento vede iscritti 700 concorrenti che si sfideranno in gigante, superG e slalom.&hellip;<\/p>\n","protected":false},"author":33,"featured_media":28470,"comment_status":"open","ping_status":"open","sticky":false,"template":"","format":"standard","meta":{"_acf_changed":false,"footnotes":""},"categories":[9,58,62,14,15,7,19],"tags":[147],"acf":[],"_links":{"self":[{"href":"https:\/\/comitati.fisi.org\/veneto\/wp-json\/wp\/v2\/posts\/28469"}],"collection":[{"href":"https:\/\/comitati.fisi.org\/veneto\/wp-json\/wp\/v2\/posts"}],"about":[{"href":"https:\/\/comitati.fisi.org\/veneto\/wp-json\/wp\/v2\/types\/post"}],"author":[{"embeddable":true,"href":"https:\/\/comitati.fisi.org\/veneto\/wp-json\/wp\/v2\/users\/33"}],"replies":[{"embeddable":true,"href":"https:\/\/comitati.fisi.org\/veneto\/wp-json\/wp\/v2\/comments?post=28469"}],"version-history":[{"count":1,"href":"https:\/\/comitati.fisi.org\/veneto\/wp-json\/wp\/v2\/posts\/28469\/revisions"}],"predecessor-version":[{"id":28471,"href":"https:\/\/comitati.fisi.org\/veneto\/wp-json\/wp\/v2\/posts\/28469\/revisions\/28471"}],"wp:featuredmedia":[{"embeddable":true,"href":"https:\/\/comitati.fisi.org\/veneto\/wp-json\/wp\/v2\/media\/28470"}],"wp:attachment":[{"href":"https:\/\/comitati.fisi.org\/veneto\/wp-json\/wp\/v2\/media?parent=28469"}],"wp:term":[{"taxonomy":"category","embeddable":true,"href":"https:\/\/comitati.fisi.org\/veneto\/wp-json\/wp\/v2\/categories?post=28469"},{"taxonomy":"post_tag","embeddable":true,"href":"https:\/\/comitati.fisi.org\/veneto\/wp-json\/wp\/v2\/tags?post=28469"}],"curies":[{"name":"wp","href":"https:\/\/api.w.org\/{rel}","templated":true}]}}