{"id":28453,"date":"2025-02-05T16:25:29","date_gmt":"2025-02-05T16:25:29","guid":{"rendered":"https:\/\/comitati.fisi.org\/veneto\/?p=28453"},"modified":"2025-05-06T08:23:13","modified_gmt":"2025-05-06T08:23:13","slug":"alpino-allalpe-cimbra-leonardo-dinca-vince-anche-il-gigante","status":"publish","type":"post","link":"https:\/\/comitati.fisi.org\/veneto\/blog\/2025\/02\/05\/alpino-allalpe-cimbra-leonardo-dinca-vince-anche-il-gigante\/","title":{"rendered":"Alpino, all&#8217;Alpe Cimbra Leonardo D&#8217;Inc\u00e0 vince anche il gigante"},"content":{"rendered":"\n<p>Seconda vittoria in due giorni per <strong>Leonardo D\u2019Inc\u00e0<\/strong> all&#8217;Alpe Cimbra Fis Children Cup. Il bellunese dello Sci Club Trichiana, vincitore ieri dello slalom, oggi si \u00e8 imposto anche in gigante: gi\u00e0 al comando dopo la prima manche, D&#8217;Inc\u00e0 non ha badato a tattiche e ha siglato la miglior prestazione anche nella seconda. Netta la sua affermazione, con l\u2019altoatesino dello Sci Club Gardena\u00a0<strong>Matthias Mahlknecht<\/strong>\u00a0(gi\u00e0 terzo in slalom) secondo a 1\u201d40, mentre sul terzo gradino del podio \u00e8 salito\u00a0<strong>Giancarlo Ferraro<\/strong>\u00a0del Sai Napoli (a 2\u201d30). Sempre tra gli Allievi, ottimo quinto Alessandro Valt: il falcadino dello Ski College Veneto Falcade ha chiuso lontano 41 centesimi dal podio. Tra le Allieve, molto brava Vittoria Pais Bianco: la portacolori dello Sci club Auronzo, ieri 11.ma in slalom, oggi ha conquistato il quinto posto. Sempre tra le Allieve, applausi anche per Sofia Michelon, dello Sci club Trichiana, ottava. Sia D&#8217;Inc\u00e0 sia Pais Bianco parteciperanno alla fase internazionale della manifestazione. Per Valt, invece, il ruolo di riserva. \u00a0<\/p>\n\n\n\n<p>La classifica per Comitati \u00e8 stata vinta dall\u2019<strong>Alto Adige<\/strong>, che con 1097 punti \u00e8 riuscito a spuntarla sulle&nbsp;<strong>Alpi Occidentali<\/strong>, secondo a quota 1046. Terzo posto per i padroni di casa del&nbsp;<strong>Trentino<\/strong>&nbsp;(515). Quarto posto per il Veneto.<\/p>\n\n\n\n<div data-wp-interactive=\"core\/file\" class=\"wp-block-file\"><object data-wp-bind--hidden=\"!state.hasPdfPreview\"  class=\"wp-block-file__embed\" data=\"https:\/\/comitati.fisi.org\/veneto\/wp-content\/uploads\/sites\/39\/2025\/02\/CLASSIFICA_Gigante_Allievi_05.pdf\" type=\"application\/pdf\" style=\"width:100%;height:600px\" aria-label=\"Incorporamento di CLASSIFICA_Gigante_Allievi_05.\"><\/object><a id=\"wp-block-file--media-d139e642-aa8f-4e4b-b7d7-3cf61d26f3f1\" href=\"https:\/\/comitati.fisi.org\/veneto\/wp-content\/uploads\/sites\/39\/2025\/02\/CLASSIFICA_Gigante_Allievi_05.pdf\">CLASSIFICA_Gigante_Allievi_05<\/a><a href=\"https:\/\/comitati.fisi.org\/veneto\/wp-content\/uploads\/sites\/39\/2025\/02\/CLASSIFICA_Gigante_Allievi_05.pdf\" class=\"wp-block-file__button wp-element-button\" download aria-describedby=\"wp-block-file--media-d139e642-aa8f-4e4b-b7d7-3cf61d26f3f1\">Download<\/a><\/div>\n\n\n\n<div data-wp-interactive=\"core\/file\" class=\"wp-block-file\"><object data-wp-bind--hidden=\"!state.hasPdfPreview\"  class=\"wp-block-file__embed\" data=\"https:\/\/comitati.fisi.org\/veneto\/wp-content\/uploads\/sites\/39\/2025\/02\/CLASSIFICA_Slalom_Ragazzi_05.pdf\" type=\"application\/pdf\" style=\"width:100%;height:600px\" aria-label=\"Incorporamento di CLASSIFICA_Slalom_Ragazzi_05.\"><\/object><a id=\"wp-block-file--media-18bac129-b6a9-4fa4-9012-95e5739dd8d1\" href=\"https:\/\/comitati.fisi.org\/veneto\/wp-content\/uploads\/sites\/39\/2025\/02\/CLASSIFICA_Slalom_Ragazzi_05.pdf\">CLASSIFICA_Slalom_Ragazzi_05<\/a><a href=\"https:\/\/comitati.fisi.org\/veneto\/wp-content\/uploads\/sites\/39\/2025\/02\/CLASSIFICA_Slalom_Ragazzi_05.pdf\" class=\"wp-block-file__button wp-element-button\" download aria-describedby=\"wp-block-file--media-18bac129-b6a9-4fa4-9012-95e5739dd8d1\">Download<\/a><\/div>\n\n\n\n<div data-wp-interactive=\"core\/file\" class=\"wp-block-file\"><object data-wp-bind--hidden=\"!state.hasPdfPreview\"  class=\"wp-block-file__embed\" data=\"https:\/\/comitati.fisi.org\/veneto\/wp-content\/uploads\/sites\/39\/2025\/02\/CLASSIFICA_Comitati_Alpecimbra_2025.pdf\" type=\"application\/pdf\" style=\"width:100%;height:600px\" aria-label=\"Incorporamento di CLASSIFICA_Comitati_Alpecimbra_2025.\"><\/object><a id=\"wp-block-file--media-472deaaf-4313-41d6-8a8f-9cb5ee5c727a\" href=\"https:\/\/comitati.fisi.org\/veneto\/wp-content\/uploads\/sites\/39\/2025\/02\/CLASSIFICA_Comitati_Alpecimbra_2025.pdf\">CLASSIFICA_Comitati_Alpecimbra_2025<\/a><a href=\"https:\/\/comitati.fisi.org\/veneto\/wp-content\/uploads\/sites\/39\/2025\/02\/CLASSIFICA_Comitati_Alpecimbra_2025.pdf\" class=\"wp-block-file__button wp-element-button\" download aria-describedby=\"wp-block-file--media-472deaaf-4313-41d6-8a8f-9cb5ee5c727a\">Download<\/a><\/div>\n","protected":false},"excerpt":{"rendered":"<p>Seconda vittoria in due giorni per il portacolori dello Sci club Trichiana. Quinta Vittoria Pais Bianco<\/p>\n","protected":false},"author":33,"featured_media":28454,"comment_status":"open","ping_status":"open","sticky":false,"template":"","format":"standard","meta":{"_acf_changed":false,"footnotes":""},"categories":[122,49,9,14,15,4,5,19,6],"tags":[994,976],"acf":[],"_links":{"self":[{"href":"https:\/\/comitati.fisi.org\/veneto\/wp-json\/wp\/v2\/posts\/28453"}],"collection":[{"href":"https:\/\/comitati.fisi.org\/veneto\/wp-json\/wp\/v2\/posts"}],"about":[{"href":"https:\/\/comitati.fisi.org\/veneto\/wp-json\/wp\/v2\/types\/post"}],"author":[{"embeddable":true,"href":"https:\/\/comitati.fisi.org\/veneto\/wp-json\/wp\/v2\/users\/33"}],"replies":[{"embeddable":true,"href":"https:\/\/comitati.fisi.org\/veneto\/wp-json\/wp\/v2\/comments?post=28453"}],"version-history":[{"count":5,"href":"https:\/\/comitati.fisi.org\/veneto\/wp-json\/wp\/v2\/posts\/28453\/revisions"}],"predecessor-version":[{"id":28464,"href":"https:\/\/comitati.fisi.org\/veneto\/wp-json\/wp\/v2\/posts\/28453\/revisions\/28464"}],"wp:featuredmedia":[{"embeddable":true,"href":"https:\/\/comitati.fisi.org\/veneto\/wp-json\/wp\/v2\/media\/28454"}],"wp:attachment":[{"href":"https:\/\/comitati.fisi.org\/veneto\/wp-json\/wp\/v2\/media?parent=28453"}],"wp:term":[{"taxonomy":"category","embeddable":true,"href":"https:\/\/comitati.fisi.org\/veneto\/wp-json\/wp\/v2\/categories?post=28453"},{"taxonomy":"post_tag","embeddable":true,"href":"https:\/\/comitati.fisi.org\/veneto\/wp-json\/wp\/v2\/tags?post=28453"}],"curies":[{"name":"wp","href":"https:\/\/api.w.org\/{rel}","templated":true}]}}