{"id":28366,"date":"2025-02-01T16:32:48","date_gmt":"2025-02-01T16:32:48","guid":{"rendered":"https:\/\/comitati.fisi.org\/veneto\/?p=28366"},"modified":"2025-02-01T17:04:13","modified_gmt":"2025-02-01T17:04:13","slug":"alpino-a-stefano-caldart-il-primo-slalom-della-coppa-veneto-energiapura-di-san-vito","status":"publish","type":"post","link":"https:\/\/comitati.fisi.org\/veneto\/blog\/2025\/02\/01\/alpino-a-stefano-caldart-il-primo-slalom-della-coppa-veneto-energiapura-di-san-vito\/","title":{"rendered":"Alpino, a Stefano Caldart il primo slalom della Coppa Veneto Energiapura di San Vito"},"content":{"rendered":"\n<p>Oggi a San Vito di Cadore, sulla pista Ciastel, \u00e8 andato in scena il primo dei due slalom dell&#8217;appuntamento della Coppa Veneto proposto dallo Sci club Dolomiti Cadore.<\/p>\n\n\n\n<p>In campo maschile si \u00e8 imposto Stefano Caldart, dello Ski College Veneto di Falcade, che per 19 centesimi ha avuto la meglio sul compagno di club Giovanni Stefani. A completare il podio, staccato di 66 centesimi, Filippo Martini, dello Sci club 2000 di Mason Vicentino. Primo Aspirante, Andrea Canova (Radici Group, quarto assoluto). <\/p>\n\n\n\n<p>Tra le ragazze a mettere d&#8217;accordo tutta la concorrenza \u00e8 stata Annachiara Marchesi, dello Ski Team Alpe Cimbra. La piazza d&#8217;onore \u00e8 stata quella di Ilaria Billiani (Sci club Monte Dauda), seconda con un ritardo di 11 centesimi. La terza piazza \u00e8 stata appannaggio di Caterina Perera: per la portacolori dello Ski College Veneto Falcade, prima di Coppa Veneto, il ritardo \u00e8 stato di 1&#8243;21&#8243;. Prima Aspiranti la stessa Marchesi<\/p>\n\n\n\n<p>Domani un altro slalom.<\/p>\n\n\n\n<p><a href=\"https:\/\/www.fis-ski.com\/DB\/general\/event-details.html?sectorcode=AL&amp;eventid=57230&amp;seasoncode=2025\">CLASSIFICHE<\/a><\/p>\n\n\n\n<figure class=\"wp-block-image size-large\"><img loading=\"lazy\" decoding=\"async\" width=\"1024\" height=\"683\" src=\"https:\/\/comitati.fisi.org\/veneto\/wp-content\/uploads\/sites\/39\/2025\/02\/assoluto-F-SL-san-vito-1-feb-2025-1024x683.jpeg\" alt=\"\" class=\"wp-image-28368\" srcset=\"https:\/\/comitati.fisi.org\/veneto\/wp-content\/uploads\/sites\/39\/2025\/02\/assoluto-F-SL-san-vito-1-feb-2025-1024x683.jpeg 1024w, https:\/\/comitati.fisi.org\/veneto\/wp-content\/uploads\/sites\/39\/2025\/02\/assoluto-F-SL-san-vito-1-feb-2025-300x200.jpeg 300w, https:\/\/comitati.fisi.org\/veneto\/wp-content\/uploads\/sites\/39\/2025\/02\/assoluto-F-SL-san-vito-1-feb-2025-768x512.jpeg 768w, https:\/\/comitati.fisi.org\/veneto\/wp-content\/uploads\/sites\/39\/2025\/02\/assoluto-F-SL-san-vito-1-feb-2025-1536x1024.jpeg 1536w, https:\/\/comitati.fisi.org\/veneto\/wp-content\/uploads\/sites\/39\/2025\/02\/assoluto-F-SL-san-vito-1-feb-2025.jpeg 1600w\" sizes=\"(max-width: 1024px) 100vw, 1024px\" \/><\/figure>\n\n\n\n<figure class=\"wp-block-image size-large\"><img loading=\"lazy\" decoding=\"async\" width=\"1024\" height=\"683\" src=\"https:\/\/comitati.fisi.org\/veneto\/wp-content\/uploads\/sites\/39\/2025\/02\/assoluto-M-SL-san-vito-1-feb-2025-1024x683.jpeg\" alt=\"\" class=\"wp-image-28371\" srcset=\"https:\/\/comitati.fisi.org\/veneto\/wp-content\/uploads\/sites\/39\/2025\/02\/assoluto-M-SL-san-vito-1-feb-2025-1024x683.jpeg 1024w, https:\/\/comitati.fisi.org\/veneto\/wp-content\/uploads\/sites\/39\/2025\/02\/assoluto-M-SL-san-vito-1-feb-2025-300x200.jpeg 300w, https:\/\/comitati.fisi.org\/veneto\/wp-content\/uploads\/sites\/39\/2025\/02\/assoluto-M-SL-san-vito-1-feb-2025-768x512.jpeg 768w, https:\/\/comitati.fisi.org\/veneto\/wp-content\/uploads\/sites\/39\/2025\/02\/assoluto-M-SL-san-vito-1-feb-2025-1536x1024.jpeg 1536w, https:\/\/comitati.fisi.org\/veneto\/wp-content\/uploads\/sites\/39\/2025\/02\/assoluto-M-SL-san-vito-1-feb-2025.jpeg 1600w\" sizes=\"(max-width: 1024px) 100vw, 1024px\" \/><\/figure>\n\n\n\n<figure class=\"wp-block-image size-large\"><img loading=\"lazy\" decoding=\"async\" width=\"1024\" height=\"683\" src=\"https:\/\/comitati.fisi.org\/veneto\/wp-content\/uploads\/sites\/39\/2025\/02\/aspiranti-M-SL-san-vito-1-feb-2025-1024x683.jpeg\" alt=\"\" class=\"wp-image-28372\" srcset=\"https:\/\/comitati.fisi.org\/veneto\/wp-content\/uploads\/sites\/39\/2025\/02\/aspiranti-M-SL-san-vito-1-feb-2025-1024x683.jpeg 1024w, https:\/\/comitati.fisi.org\/veneto\/wp-content\/uploads\/sites\/39\/2025\/02\/aspiranti-M-SL-san-vito-1-feb-2025-300x200.jpeg 300w, https:\/\/comitati.fisi.org\/veneto\/wp-content\/uploads\/sites\/39\/2025\/02\/aspiranti-M-SL-san-vito-1-feb-2025-768x512.jpeg 768w, https:\/\/comitati.fisi.org\/veneto\/wp-content\/uploads\/sites\/39\/2025\/02\/aspiranti-M-SL-san-vito-1-feb-2025-1536x1024.jpeg 1536w, https:\/\/comitati.fisi.org\/veneto\/wp-content\/uploads\/sites\/39\/2025\/02\/aspiranti-M-SL-san-vito-1-feb-2025.jpeg 1600w\" sizes=\"(max-width: 1024px) 100vw, 1024px\" \/><\/figure>\n\n\n\n<figure class=\"wp-block-image size-large\"><img loading=\"lazy\" decoding=\"async\" width=\"1024\" height=\"683\" src=\"https:\/\/comitati.fisi.org\/veneto\/wp-content\/uploads\/sites\/39\/2025\/02\/aspiranti-F-coppa-veneto-SL-san-vito-1-feb-2025-1-1024x683.jpeg\" alt=\"\" class=\"wp-image-28374\" srcset=\"https:\/\/comitati.fisi.org\/veneto\/wp-content\/uploads\/sites\/39\/2025\/02\/aspiranti-F-coppa-veneto-SL-san-vito-1-feb-2025-1-1024x683.jpeg 1024w, https:\/\/comitati.fisi.org\/veneto\/wp-content\/uploads\/sites\/39\/2025\/02\/aspiranti-F-coppa-veneto-SL-san-vito-1-feb-2025-1-300x200.jpeg 300w, https:\/\/comitati.fisi.org\/veneto\/wp-content\/uploads\/sites\/39\/2025\/02\/aspiranti-F-coppa-veneto-SL-san-vito-1-feb-2025-1-768x512.jpeg 768w, https:\/\/comitati.fisi.org\/veneto\/wp-content\/uploads\/sites\/39\/2025\/02\/aspiranti-F-coppa-veneto-SL-san-vito-1-feb-2025-1-1536x1024.jpeg 1536w, https:\/\/comitati.fisi.org\/veneto\/wp-content\/uploads\/sites\/39\/2025\/02\/aspiranti-F-coppa-veneto-SL-san-vito-1-feb-2025-1.jpeg 1600w\" sizes=\"(max-width: 1024px) 100vw, 1024px\" \/><\/figure>\n\n\n\n<figure class=\"wp-block-image size-large\"><img loading=\"lazy\" decoding=\"async\" width=\"1024\" height=\"683\" src=\"https:\/\/comitati.fisi.org\/veneto\/wp-content\/uploads\/sites\/39\/2025\/02\/coppa-veneto-SL-san-vito-1-feb-2025-1-1024x683.jpeg\" alt=\"\" class=\"wp-image-28375\" srcset=\"https:\/\/comitati.fisi.org\/veneto\/wp-content\/uploads\/sites\/39\/2025\/02\/coppa-veneto-SL-san-vito-1-feb-2025-1-1024x683.jpeg 1024w, https:\/\/comitati.fisi.org\/veneto\/wp-content\/uploads\/sites\/39\/2025\/02\/coppa-veneto-SL-san-vito-1-feb-2025-1-300x200.jpeg 300w, https:\/\/comitati.fisi.org\/veneto\/wp-content\/uploads\/sites\/39\/2025\/02\/coppa-veneto-SL-san-vito-1-feb-2025-1-768x512.jpeg 768w, https:\/\/comitati.fisi.org\/veneto\/wp-content\/uploads\/sites\/39\/2025\/02\/coppa-veneto-SL-san-vito-1-feb-2025-1-1536x1024.jpeg 1536w, https:\/\/comitati.fisi.org\/veneto\/wp-content\/uploads\/sites\/39\/2025\/02\/coppa-veneto-SL-san-vito-1-feb-2025-1.jpeg 1600w\" sizes=\"(max-width: 1024px) 100vw, 1024px\" \/><\/figure>\n","protected":false},"excerpt":{"rendered":"<p>Organizzazione Sci club Dolomiti Cadore<\/p>\n","protected":false},"author":33,"featured_media":28367,"comment_status":"open","ping_status":"open","sticky":false,"template":"","format":"standard","meta":{"_acf_changed":false,"footnotes":""},"categories":[9,13,60,14,15,3,4,5,19],"tags":[983,155],"acf":[],"_links":{"self":[{"href":"https:\/\/comitati.fisi.org\/veneto\/wp-json\/wp\/v2\/posts\/28366"}],"collection":[{"href":"https:\/\/comitati.fisi.org\/veneto\/wp-json\/wp\/v2\/posts"}],"about":[{"href":"https:\/\/comitati.fisi.org\/veneto\/wp-json\/wp\/v2\/types\/post"}],"author":[{"embeddable":true,"href":"https:\/\/comitati.fisi.org\/veneto\/wp-json\/wp\/v2\/users\/33"}],"replies":[{"embeddable":true,"href":"https:\/\/comitati.fisi.org\/veneto\/wp-json\/wp\/v2\/comments?post=28366"}],"version-history":[{"count":3,"href":"https:\/\/comitati.fisi.org\/veneto\/wp-json\/wp\/v2\/posts\/28366\/revisions"}],"predecessor-version":[{"id":28377,"href":"https:\/\/comitati.fisi.org\/veneto\/wp-json\/wp\/v2\/posts\/28366\/revisions\/28377"}],"wp:featuredmedia":[{"embeddable":true,"href":"https:\/\/comitati.fisi.org\/veneto\/wp-json\/wp\/v2\/media\/28367"}],"wp:attachment":[{"href":"https:\/\/comitati.fisi.org\/veneto\/wp-json\/wp\/v2\/media?parent=28366"}],"wp:term":[{"taxonomy":"category","embeddable":true,"href":"https:\/\/comitati.fisi.org\/veneto\/wp-json\/wp\/v2\/categories?post=28366"},{"taxonomy":"post_tag","embeddable":true,"href":"https:\/\/comitati.fisi.org\/veneto\/wp-json\/wp\/v2\/tags?post=28366"}],"curies":[{"name":"wp","href":"https:\/\/api.w.org\/{rel}","templated":true}]}}