{"id":28212,"date":"2025-01-19T16:46:54","date_gmt":"2025-01-19T16:46:54","guid":{"rendered":"https:\/\/comitati.fisi.org\/veneto\/?p=28212"},"modified":"2025-01-19T16:46:56","modified_gmt":"2025-01-19T16:46:56","slug":"alpino-immensa-brignone-nel-superg-di-cortina","status":"publish","type":"post","link":"https:\/\/comitati.fisi.org\/veneto\/blog\/2025\/01\/19\/alpino-immensa-brignone-nel-superg-di-cortina\/","title":{"rendered":"Alpino, immensa Brignone nel superG di Cortina"},"content":{"rendered":"\n<p>Dopo che della &nbsp;discesa, sulla&nbsp;<strong>Olympia delle Tofane<\/strong>&nbsp;l\u2019Italia \u00e8 padrona anche del SuperG. Il fine settimana della Audi Fis Ski World Cup 2025, evento proposto da&nbsp;<a href=\"https:\/\/fondazionecortina.us20.list-manage.com\/track\/click?u=74e7678810042ecfc19f96f9b&amp;id=3b9180218a&amp;e=398b03dda1\" target=\"_blank\" rel=\"noreferrer noopener\"><strong>Fondazione Cortina<\/strong><\/a>&nbsp;e importante test in vista delle Olimpiadi Milano Cortina 2026, \u00e8 stato un trionfo azzurro: sabato, 18 gennaio, la vittoria in discesa di Sofia Goggia, domenica 19 gennaio il&nbsp;<strong>successo in SuperG per Federica Brignone<\/strong>&nbsp;che dopo aver inseguito per tanti anni un podio a Cortina, in due giorni si toglie la soddisfazione di salire prima sul gradino pi\u00f9 basso (in discesa) e poi su quello pi\u00f9 alto (in superG).<\/p>\n\n\n\n<p>La campionessa valdostana ha pennellato traiettorie perfette sulla&nbsp;<strong>\u201cQueen of Speed\u201d<\/strong>&nbsp;tra le piste del circo bianco femminile e sul traguardo ha fatto registrare il miglior tempo, accolta dal boato del pubblico che riempiva tribuna e parterre della finish area ampezzana. Sua la vittoria, con 58 centesimi di vantaggio sull\u2019elvetica Lara Gut-Behrami e con 1\u201d08 sull\u2019altra elvetica, Corinne Suter.<\/p>\n\n\n\n<p>Dopo aver accarezzato per sette discese il sogno del podio (sarebbe stata la terza volta per lei a Cortina), si \u00e8 dovuta accontentare della quarta piazza, lontana appena tre centesimi dalla terza, Elena Curtoni. A completare la top five l\u2019austriaca Ricarda Haaser. Settima posizione per Sofia Goggia, a 1\u201d25 dalla vincitrice.<\/p>\n\n\n\n<p>\u201cHo fatto tutto quello che avevo in testa\u00bb commenta&nbsp;<strong>Federica Brignone<\/strong>&nbsp;che consolida la posizione di leader nella classifica generale della Coppa del mondo. \u00ab\u00c8 una di quelle giornate nelle quali dici: che bello! La neve era quella che piaceva a me e il tracciato molto tattico e veloce: ho cercato non tanto la linea perfetta ma di attaccare da cima a fondo. Un pensiero alla generale di Coppa? Non ci penso. Voglio vivere al meglio ogni giornata\u201d.<\/p>\n\n\n\n<p>\u201cDopo l\u2019infortunio sto ricostruendo tutto il puzzle, \u00e8 un percorso duro e difficile ma sto tornando e sono in crescita\u201d cos\u00ec&nbsp;<strong>Elena Curtoni<\/strong>. \u201cCi sono ancora alcuni tratti nei quali alzo un po\u2019 il piede ma sono fiduciosa, il lavoro che stiamo facendo \u00e8 quello giusto\u201d.<\/p>\n\n\n\n<p>\u201cHo aperto presto il cancelletto e la partenza sbagliata ha condizionato tutta la prova, passata sempre a inseguire\u201d commenta&nbsp;<strong>Sofia Goggia<\/strong>. \u201cIn ogni caso \u00e8 un altro giro in pi\u00f9 per tornare al top\u201d.<\/p>\n\n\n\n<p>Se la nazionale italiana chiude il week-end ampezzano con soddisfazione, altrettanto lo fa Fondazione Cortina: il bilancio \u00e8 positivo sia per il lavoro della macchina organizzativa sia per le presenze: 10 mila gli spettatori alla finish area nella due giorni.<\/p>\n\n\n\n<p>\u201cSi \u00e8 trattato di un test olimpico superato a pieni voti, anche per quanto riguarda la sicurezza e la sanit\u00e0, la pista era perfetta e cos\u00ec come una finish area con un set up collaudato che continuer\u00e0 a regalare uno spettacolo unico anche a coloro che arriveranno per i prossimi Giochi\u201d commenta&nbsp;<strong>il presidente di Fondazione Cortina, Stefano Longo<\/strong>. \u201cGrazie a tutti coloro che hanno lavorato in pista e attorno ad essa, la struttura di Fondazione Cortina, i volontari e le forze dell\u2019ordine e le Truppe Alpine dell\u2019Esercito: si \u00e8 trattato di un lavoro corale che ha reso unico questo evento. Mi piace anche sottolineare la presenza di quasi seicento bambini e ragazzi degli sci club veneti, di mille studenti delle scuole di tutto il Veneto e di ventuno studenti dell\u2019ITS, coinvolti in un percorso di training pratico in un grande evento: la presenza delle nuove generazioni \u00e8 fondamentale per dare continuit\u00e0 alle grandi manifestazioni e far s\u00ec che le professionalit\u00e0 che si creano diventino sempre pi\u00f9 patrimonio intangibile del territorio\u201d.<\/p>\n\n\n\n<p>\u201cUn fine settimana coronato dal successo di due italiane sul podio, non potevamo sperare di meglio per celebrare una macchina organizzativa \u2013 composta da oltre 350 persone &#8211; che ha dato prova, ancora una volta, di funzionare alla perfezione e che ha saputo gestire un evento complesso come questo\u201d commenta\u00a0<strong>Michele Di Gallo, direttore generale di Fondazione Cortina<\/strong>. \u201cIl successo di pubblico che ha visto arrivare a Cortina persone da tutto il Veneto e non solo conferma l\u2019attrattivit\u00e0 di questo territorio e delle sue infrastrutture\u201d.<\/p>\n\n\n\n<p>credito immagine Pentaphoto<\/p>\n\n\n\n<p><a href=\"https:\/\/www.fis-ski.com\/DB\/general\/event-details.html?sectorcode=AL&amp;eventid=55597&amp;seasoncode=2025\">CLASSIFICHE<\/a><\/p>\n","protected":false},"excerpt":{"rendered":"<p>Dopo che della &nbsp;discesa, sulla&nbsp;Olympia delle Tofane&nbsp;l\u2019Italia \u00e8 padrona anche del SuperG. Il fine settimana della Audi Fis Ski World Cup 2025, evento proposto da&nbsp;Fondazione Cortina&nbsp;e importante test in vista delle Olimpiadi Milano Cortina 2026, \u00e8 stato un trionfo azzurro: sabato, 18 gennaio, la vittoria in discesa di Sofia Goggia, domenica 19 gennaio il&nbsp;successo in SuperG per Federica Brignone&nbsp;che dopo&hellip;<\/p>\n","protected":false},"author":33,"featured_media":28213,"comment_status":"open","ping_status":"open","sticky":false,"template":"","format":"standard","meta":{"_acf_changed":false,"footnotes":""},"categories":[10,13,14,15,3,4,5,19,6],"tags":[],"acf":[],"_links":{"self":[{"href":"https:\/\/comitati.fisi.org\/veneto\/wp-json\/wp\/v2\/posts\/28212"}],"collection":[{"href":"https:\/\/comitati.fisi.org\/veneto\/wp-json\/wp\/v2\/posts"}],"about":[{"href":"https:\/\/comitati.fisi.org\/veneto\/wp-json\/wp\/v2\/types\/post"}],"author":[{"embeddable":true,"href":"https:\/\/comitati.fisi.org\/veneto\/wp-json\/wp\/v2\/users\/33"}],"replies":[{"embeddable":true,"href":"https:\/\/comitati.fisi.org\/veneto\/wp-json\/wp\/v2\/comments?post=28212"}],"version-history":[{"count":1,"href":"https:\/\/comitati.fisi.org\/veneto\/wp-json\/wp\/v2\/posts\/28212\/revisions"}],"predecessor-version":[{"id":28214,"href":"https:\/\/comitati.fisi.org\/veneto\/wp-json\/wp\/v2\/posts\/28212\/revisions\/28214"}],"wp:featuredmedia":[{"embeddable":true,"href":"https:\/\/comitati.fisi.org\/veneto\/wp-json\/wp\/v2\/media\/28213"}],"wp:attachment":[{"href":"https:\/\/comitati.fisi.org\/veneto\/wp-json\/wp\/v2\/media?parent=28212"}],"wp:term":[{"taxonomy":"category","embeddable":true,"href":"https:\/\/comitati.fisi.org\/veneto\/wp-json\/wp\/v2\/categories?post=28212"},{"taxonomy":"post_tag","embeddable":true,"href":"https:\/\/comitati.fisi.org\/veneto\/wp-json\/wp\/v2\/tags?post=28212"}],"curies":[{"name":"wp","href":"https:\/\/api.w.org\/{rel}","templated":true}]}}