{"id":28194,"date":"2025-01-18T16:44:59","date_gmt":"2025-01-18T16:44:59","guid":{"rendered":"https:\/\/comitati.fisi.org\/veneto\/?p=28194"},"modified":"2025-01-18T21:37:54","modified_gmt":"2025-01-18T21:37:54","slug":"alpino-strepitosa-italia-a-cortina-con-goggia-prima-e-brignone-terza","status":"publish","type":"post","link":"https:\/\/comitati.fisi.org\/veneto\/blog\/2025\/01\/18\/alpino-strepitosa-italia-a-cortina-con-goggia-prima-e-brignone-terza\/","title":{"rendered":"Alpino, strepitosa Italia a Cortina con Goggia prima e Brignone terza"},"content":{"rendered":"\n<p>Nelle due giornate di prove avevano fatto registrare il primo e il secondo riscontro cronometrico. Non si erano nascoste e avevano preso le misure per una giornata che doveva essere importante ed \u00e8 stata straordinaria. Sofia Goggia e Federica Brignone hanno colorato di tricolore il cielo azzurro di Cortina, conquistando il primo e il terzo posto nella discesa che sulla Olympia delle Tofane ha aperto la due giorni della Audi Fis Ski World Cup, evento proposto da Fondazione Cortina e importante test in vista delle Olimpiadi Milano Cortina 2026. Meteo ottimale e pienone di pubblico: sold out i ticket, con 5 mila presenze.<\/p>\n\n\n\n<p>La \u201cQueen of Speed\u201d sulla iconica pista ampezzana \u00e8 tornata ad essere Sofia Goggia: partita con il pettorale 15, la fuoriclasse bergamasca ha fatto registrare il quarto tempo nel primo settore, il decimo nel secondo, il primo nel terzo, il decimo nel quarto e il secondo nell\u2019ultimo. Alla fine, prima, accolta dal boato del pubblico, mai cos\u00ec numeroso alla finish area di Rumerlo. Per Goggia si tratta del quarto centro a Cortina dopo quelli, sempre in discesa, del 2018, 2022 e 2023.<\/p>\n\n\n\n<p>Alle spalle della finanziera lombarda, staccata di 42 centesimi, la norvegese Kajsa Vickhoff Lie, partita con il pettorale 8 e leader della gara fino all\u2019arrivo della Goggia. Terza Federica Brignone: la \u201ctigre\u201d di La Salle \u00e8 riuscita a sfatare un tab\u00f9, riuscendo a salire sul podio a Cortina.<\/p>\n\n\n\n<p>&#8220;Oggi ero davvero molto emozionata e ho cercato di concentrarmi solo su me stessa&#8221; dichiara Sofia Goggia. &#8220;Non \u00e8 stata una discesa perfetta, forse ieri ho sciato un po&#8217; pi\u00f9 pulita, la neve era pi\u00f9 aggressiva, penso di aver perso un po&#8217; di velocit\u00e0 ma penso di esser stata anche molto incisiva nel chiudere le curve: Nel finale avevo il cuore in gola ed \u00e8 stato stupendo sentire il boato all&#8217;arrivo. Per me e per noi italiane Cortina non \u00e8 una semplice gara, ma \u00e8 la tappa pi\u00f9 bella e forse anche la pi\u00f9 speciale. Cortina \u00e8 sempre stata la mia pista dei sogni\u201d.<\/p>\n\n\n\n<p>\u201cOggi avevo un piano e l&#8217;ho eseguito, sono davvero soddisfatta\u201d dice Kajsa Vickhoff Lie. \u201cLa neve era perfetta, la pista molto bella. E poi, avete dato un&#8217;occhiata in giro? Voglio dire, \u00e8 bellissimo. Questo paesaggio mi ricorda che amo quello che faccio e posso essere in grado di fare questo come lavoro. E, s\u00ec, qui ci si diverte davvero molto!\u201d<\/p>\n\n\n\n<p>&#8220;Finalmente ce l&#8217;ho fatta a fare il podio qui a Cortina&#8221; commenta Federica Brignone. &#8220;Peccato aver sbagliato all&#8217;Argano, dove ieri ero andata benissimo, e ci\u00f2 non mi ha dato la certezza di chiudere nei primi tre. Questo podio significa molto per me, gli anni scorsi andavo sempre bene in prova, ma poi in gara ero troppo tesa e non sciavo perfettamente. Oggi invece sono stata fin da subito molto tranquilla e sicura di me stessa. Sto vivendo tante prime volte in questa stagione, dal podio di Cortina al pettorale di leader in discesa. Quando vorrei che fosse la prossima? Domani&#8221;.<\/p>\n\n\n\n<p>Domani, domenica 19 gennaio, la Audi Fis Ski World Cup proporr\u00e0 la seconda e conclusiva giornata, dedicata al superG. La gara sar\u00e0 trasmessa in diretta da RaiSport ed Eurosport.<\/p>\n","protected":false},"excerpt":{"rendered":"<p>Grande giornata sulla Olympia delle Tofane per la prima delle due giornate della Audi Fis Ski World Cup proposta da Fondazione Cortina e importante test in vista delle Olimpiadi Milano Cortina 2026<\/p>\n","protected":false},"author":33,"featured_media":28196,"comment_status":"open","ping_status":"open","sticky":false,"template":"","format":"standard","meta":{"_acf_changed":false,"footnotes":""},"categories":[9,10,13,14,15,3,4,5,19,6],"tags":[63,98,64],"acf":[],"_links":{"self":[{"href":"https:\/\/comitati.fisi.org\/veneto\/wp-json\/wp\/v2\/posts\/28194"}],"collection":[{"href":"https:\/\/comitati.fisi.org\/veneto\/wp-json\/wp\/v2\/posts"}],"about":[{"href":"https:\/\/comitati.fisi.org\/veneto\/wp-json\/wp\/v2\/types\/post"}],"author":[{"embeddable":true,"href":"https:\/\/comitati.fisi.org\/veneto\/wp-json\/wp\/v2\/users\/33"}],"replies":[{"embeddable":true,"href":"https:\/\/comitati.fisi.org\/veneto\/wp-json\/wp\/v2\/comments?post=28194"}],"version-history":[{"count":2,"href":"https:\/\/comitati.fisi.org\/veneto\/wp-json\/wp\/v2\/posts\/28194\/revisions"}],"predecessor-version":[{"id":28211,"href":"https:\/\/comitati.fisi.org\/veneto\/wp-json\/wp\/v2\/posts\/28194\/revisions\/28211"}],"wp:featuredmedia":[{"embeddable":true,"href":"https:\/\/comitati.fisi.org\/veneto\/wp-json\/wp\/v2\/media\/28196"}],"wp:attachment":[{"href":"https:\/\/comitati.fisi.org\/veneto\/wp-json\/wp\/v2\/media?parent=28194"}],"wp:term":[{"taxonomy":"category","embeddable":true,"href":"https:\/\/comitati.fisi.org\/veneto\/wp-json\/wp\/v2\/categories?post=28194"},{"taxonomy":"post_tag","embeddable":true,"href":"https:\/\/comitati.fisi.org\/veneto\/wp-json\/wp\/v2\/tags?post=28194"}],"curies":[{"name":"wp","href":"https:\/\/api.w.org\/{rel}","templated":true}]}}