{"id":28151,"date":"2025-01-15T14:04:36","date_gmt":"2025-01-15T14:04:36","guid":{"rendered":"https:\/\/comitati.fisi.org\/veneto\/?p=28151"},"modified":"2025-01-15T14:04:38","modified_gmt":"2025-01-15T14:04:38","slug":"biathlon-il-programma-della-coppa-italia-di-val-di-zoldo","status":"publish","type":"post","link":"https:\/\/comitati.fisi.org\/veneto\/blog\/2025\/01\/15\/biathlon-il-programma-della-coppa-italia-di-val-di-zoldo\/","title":{"rendered":"Biathlon, il programma della Coppa Italia di Val di Zoldo"},"content":{"rendered":"\n<p>Ritorna il grande biathlon in Val di Zoldo. A distanza di tre anni, nella localit\u00e0 bellunese situata nel cuore delle Dolomiti patrimonio dell\u2019umanit\u00e0 Unesco, in questo 2025 si svolger\u00e0 infatti la quarta tappa della Coppa Italia Fiocchi. L\u2019appuntamento \u00e8 fissato per sabato 18 e domenica 19 gennaio: in entrambe le giornate si svolger\u00e0 una Sprint, vale a dire il format di gara che prevede due sessioni di tiri al poligono, una a terra e una in piedi. In palio il Trofeo Fiamme Oro e il memorial Arduino Costantin.<\/p>\n\n\n\n<p>Si garegger\u00e0 nella localit\u00e0 di Palafav\u00e8ra &#8211; al cospetto di due delle cime dolomitiche pi\u00f9 suggestive, il Pelmo e il Civetta &#8211; sulla pista \u201cPompeo Fattor\u201d, gloria zoldana delle discipline nordiche e, in particolare dello sci di fondo, disciplina nella quale l\u2019atleta zoldano (scomparso nel 2009) ha vestito l\u2019azzurro alle Olimpiadi di Cortina d\u2019Ampezzo 1956 e di Squaw Valley (Stati Uniti) nel 1960.<\/p>\n\n\n\n<p>Il centro di Palafav\u00e8ra \u00e8 una struttura giovane che ha \u201cesordito\u201d nel mondo del biathlon nel 2014 (ospitando il raduno degli azzurri che poi avrebbero conquistato la medaglia di bronzo nella staffetta mista ai Giochi di Sochi con Dorothea Wierer, Karin Oberhofer, Markus Windisch e Lukas Hofer) e che negli anni ha ospitato gare di Coppa Italia e campionati italiani giovanili.<\/p>\n\n\n\n<p>Nell\u2019imminente fine settimana torna dunque la Coppa Italia. Gli atleti cominceranno ad \u201cassaggiare\u201d la pista zoldana gi\u00e0 nella giornata di venerd\u00ec che prevede gli allenamenti ufficiali a partire dalle 8.30 e per tutta la mattinata. Sabato 18 la prima Sprint, con partenza alle 9.30. Domenica la seconda Sprint, sempre con partenza alle 9.30. In gara ci saranno le categorie Aspiranti (under 17), Giovani (under 19), Juniores (under 22) e Seniores. Al via i corpi militari e le diverse squadre dei comitati regionali Fisi.<\/p>\n\n\n\n<p>L\u2019organizzazione \u00e8 affidata allo Sci club Valzoldana, la realt\u00e0 che gestisce il centro di Palafav\u00e8ra e la cui storia inizia negli anni \u201930 (del 1946 \u00e8 invece la prima affiliazione alla Federazione italiana sport invernali).<\/p>\n\n\n\n<p>\u00abStiamo rifinendo in queste ore la preparazione del tracciato, un tracciato che si presenta in una veste nuova rispetto al passato\u00bb spiega il presidente della societ\u00e0, Arcangelo Panciera. \u00abPresenta infatti dei tratti pi\u00f9 tecnici e un dislivello maggiore. Abbiamo lavorato molto negli ultimi giorni per garantire l\u2019innevamento, per fortuna le temperature sono scese e ci hanno permesso di utilizzare l\u2019innevamento artificiale. Ringrazio fin d\u2019ora tutti i numerosi volontari che stanno collaborando con noi e la Polizia di Stato, nello specifico il Centro Addestramento Alpino di Moena, che ci supporta per questo evento\u00bb.<\/p>\n\n\n\n<p>\u00abMotivo di interesse\u00bb dice ancora Panciera \u00ab\u00e8 che questa due giorni di Coppa Italia sar\u00e0 un test importante in vista delle convocazioni per la Coppa Europa, i Mondiali giovanili e gli Eyof, il Festival Olimpico della Giovent\u00f9 europea che si svolger\u00e0 a Bakuriani, in Georgia, dal 9 al 16 febbraio\u00bb.\u00a0<\/p>\n\n\n\n<div data-wp-interactive=\"core\/file\" class=\"wp-block-file\"><object data-wp-bind--hidden=\"!state.hasPdfPreview\"  class=\"wp-block-file__embed\" data=\"https:\/\/comitati.fisi.org\/veneto\/wp-content\/uploads\/sites\/39\/2025\/01\/Regolamento-COPPA-ITALIA-BIATHLON-ZOLDO-17-19.01.2025.pdf\" type=\"application\/pdf\" style=\"width:100%;height:600px\" aria-label=\"Incorporamento di Regolamento-COPPA-ITALIA-BIATHLON-ZOLDO-17-19.01.2025.\"><\/object><a id=\"wp-block-file--media-959034c1-938d-4712-9296-1f0f14385e9c\" href=\"https:\/\/comitati.fisi.org\/veneto\/wp-content\/uploads\/sites\/39\/2025\/01\/Regolamento-COPPA-ITALIA-BIATHLON-ZOLDO-17-19.01.2025.pdf\">Regolamento-COPPA-ITALIA-BIATHLON-ZOLDO-17-19.01.2025<\/a><a href=\"https:\/\/comitati.fisi.org\/veneto\/wp-content\/uploads\/sites\/39\/2025\/01\/Regolamento-COPPA-ITALIA-BIATHLON-ZOLDO-17-19.01.2025.pdf\" class=\"wp-block-file__button wp-element-button\" download aria-describedby=\"wp-block-file--media-959034c1-938d-4712-9296-1f0f14385e9c\">Download<\/a><\/div>\n","protected":false},"excerpt":{"rendered":"<p>Ritorna il grande biathlon in Val di Zoldo. A distanza di tre anni, nella localit\u00e0 bellunese situata nel cuore delle Dolomiti patrimonio dell\u2019umanit\u00e0 Unesco, in questo 2025 si svolger\u00e0 infatti la quarta tappa della Coppa Italia Fiocchi. L\u2019appuntamento \u00e8 fissato per sabato 18 e domenica 19 gennaio: in entrambe le giornate si svolger\u00e0 una Sprint, vale a dire il format&hellip;<\/p>\n","protected":false},"author":33,"featured_media":28152,"comment_status":"open","ping_status":"open","sticky":false,"template":"","format":"standard","meta":{"_acf_changed":false,"footnotes":""},"categories":[9,23,24,14,15,3,4,6],"tags":[107,72],"acf":[],"_links":{"self":[{"href":"https:\/\/comitati.fisi.org\/veneto\/wp-json\/wp\/v2\/posts\/28151"}],"collection":[{"href":"https:\/\/comitati.fisi.org\/veneto\/wp-json\/wp\/v2\/posts"}],"about":[{"href":"https:\/\/comitati.fisi.org\/veneto\/wp-json\/wp\/v2\/types\/post"}],"author":[{"embeddable":true,"href":"https:\/\/comitati.fisi.org\/veneto\/wp-json\/wp\/v2\/users\/33"}],"replies":[{"embeddable":true,"href":"https:\/\/comitati.fisi.org\/veneto\/wp-json\/wp\/v2\/comments?post=28151"}],"version-history":[{"count":1,"href":"https:\/\/comitati.fisi.org\/veneto\/wp-json\/wp\/v2\/posts\/28151\/revisions"}],"predecessor-version":[{"id":28154,"href":"https:\/\/comitati.fisi.org\/veneto\/wp-json\/wp\/v2\/posts\/28151\/revisions\/28154"}],"wp:featuredmedia":[{"embeddable":true,"href":"https:\/\/comitati.fisi.org\/veneto\/wp-json\/wp\/v2\/media\/28152"}],"wp:attachment":[{"href":"https:\/\/comitati.fisi.org\/veneto\/wp-json\/wp\/v2\/media?parent=28151"}],"wp:term":[{"taxonomy":"category","embeddable":true,"href":"https:\/\/comitati.fisi.org\/veneto\/wp-json\/wp\/v2\/categories?post=28151"},{"taxonomy":"post_tag","embeddable":true,"href":"https:\/\/comitati.fisi.org\/veneto\/wp-json\/wp\/v2\/tags?post=28151"}],"curies":[{"name":"wp","href":"https:\/\/api.w.org\/{rel}","templated":true}]}}